{"id":11146,"date":"2021-12-23T21:22:59","date_gmt":"2021-12-24T00:22:59","guid":{"rendered":"https:\/\/unifsa.com.br\/site\/?p=11146"},"modified":"2021-12-23T21:23:02","modified_gmt":"2021-12-24T00:23:02","slug":"prorrogadas-matriculas-para-o-programa-de-otimizacao-curricular-poc-2022-1","status":"publish","type":"post","link":"https:\/\/unifsa.com.br\/site\/prorrogadas-matriculas-para-o-programa-de-otimizacao-curricular-poc-2022-1\/","title":{"rendered":"Prorrogadas matr\u00edculas para o Programa de Otimiza\u00e7\u00e3o Curricular &#8211; POC 2022.1"},"content":{"rendered":"\n<p>O Programa de Otimiza\u00e7\u00e3o Curricular &#8211; POC, do Centro Universit\u00e1rio Santo Agostinho estendeu as matr\u00edculas  at\u00e9 o dia 17 de janeiro de 2022. Al\u00e9m disso, as disciplinas ofertadas foram atualizadas com op\u00e7\u00f5es voltadas para os cursos de Direito, Farm\u00e1cia, Engenharia, Administra\u00e7\u00e3o, Ci\u00eancias Cont\u00e1beis, entre outros.<\/p>\n\n\n\n<p>As inscri\u00e7\u00f5es acontecem pela plataforma Academus e as aulas se iniciam no dia 19 de Janeiro.<\/p>\n\n\n\n<div class=\"wp-block-button aligncenter\"><a class=\"wp-block-button__link has-background has-vivid-cyan-blue-background-color\" href=\"https:\/\/unifsa.com.br\/site\/wp-content\/uploads\/2021\/12\/OFERTA-DE-DISCIPLINAS-POC-2022.1-ATUALIZADA.pdf\"> Confira as disciplinas ofertadas! <\/a><\/div>\n\n\n\n<p>O POC \u00e9 um programa de disciplinas especiais, voltado principalmente para alunos com pend\u00eancias na grade curricular. O programa, que ocorre em todo in\u00edcio de semestre, ser\u00e1 realizado de forma h\u00edbrida.<\/p>\n","protected":false},"excerpt":{"rendered":"<p>O Programa de Otimiza\u00e7\u00e3o Curricular &#8211; POC, do Centro Universit\u00e1rio Santo Agostinho estendeu as matr\u00edculas at\u00e9 o dia 17 de janeiro de 2022. Al\u00e9m disso, as disciplinas ofertadas foram atualizadas com op\u00e7\u00f5es voltadas para os cursos de Direito, Farm\u00e1cia, Engenharia, Administra\u00e7\u00e3o, Ci\u00eancias Cont\u00e1beis, entre outros. As inscri\u00e7\u00f5es acontecem pela plataforma Academus e as aulas se<\/p>\n","protected":false},"author":9,"featured_media":11149,"comment_status":"closed","ping_status":"open","sticky":false,"template":"","format":"standard","meta":{"_acf_changed":false,"footnotes":""},"categories":[6,385],"tags":[648,147],"class_list":["post-11146","post","type-post","status-publish","format-standard","has-post-thumbnail","hentry","category-acontece-na-unifsa","category-nuape","tag-matriculas","tag-poc"],"acf":[],"yoast_head":"<!-- This site is optimized with the Yoast SEO plugin v26.5 - https:\/\/yoast.com\/wordpress\/plugins\/seo\/ -->\n<title>Prorrogadas matr\u00edculas para o Programa de Otimiza\u00e7\u00e3o Curricular - POC 2022.1 - Centro Universit\u00e1rio Santo Agostinho - UNIFSA<\/title>\n<meta name=\"robots\" content=\"index, follow, max-snippet:-1, max-image-preview:large, max-video-preview:-1\" \/>\n<link rel=\"canonical\" href=\"https:\/\/unifsa.com.br\/site\/prorrogadas-matriculas-para-o-programa-de-otimizacao-curricular-poc-2022-1\/\" \/>\n<meta property=\"og:locale\" content=\"pt_BR\" \/>\n<meta property=\"og:type\" content=\"article\" \/>\n<meta property=\"og:title\" content=\"Prorrogadas matr\u00edculas para o Programa de Otimiza\u00e7\u00e3o Curricular - POC 2022.1 - Centro Universit\u00e1rio Santo Agostinho - UNIFSA\" \/>\n<meta property=\"og:description\" content=\"O Programa de Otimiza\u00e7\u00e3o Curricular &#8211; POC, do Centro Universit\u00e1rio Santo Agostinho estendeu as matr\u00edculas at\u00e9 o dia 17 de janeiro de 2022. Al\u00e9m disso, as disciplinas ofertadas foram atualizadas com op\u00e7\u00f5es voltadas para os cursos de Direito, Farm\u00e1cia, Engenharia, Administra\u00e7\u00e3o, Ci\u00eancias Cont\u00e1beis, entre outros. As inscri\u00e7\u00f5es acontecem pela plataforma Academus e as aulas se\" \/>\n<meta property=\"og:url\" content=\"https:\/\/unifsa.com.br\/site\/prorrogadas-matriculas-para-o-programa-de-otimizacao-curricular-poc-2022-1\/\" \/>\n<meta property=\"og:site_name\" content=\"Centro Universit\u00e1rio Santo Agostinho - UNIFSA\" \/>\n<meta property=\"article:publisher\" content=\"https:\/\/www.facebook.com\/unifsa\/\" \/>\n<meta property=\"article:published_time\" content=\"2021-12-24T00:22:59+00:00\" \/>\n<meta property=\"article:modified_time\" content=\"2021-12-24T00:23:02+00:00\" \/>\n<meta property=\"og:image\" content=\"https:\/\/unifsa.com.br\/site\/wp-content\/uploads\/2021\/12\/WhatsApp-Image-2021-12-23-at-20.10.02.jpeg\" \/>\n\t<meta property=\"og:image:width\" content=\"1007\" \/>\n\t<meta property=\"og:image:height\" content=\"422\" \/>\n\t<meta property=\"og:image:type\" content=\"image\/jpeg\" \/>\n<meta name=\"author\" content=\"La\u00eds Maria Matos Barradas\" \/>\n<meta name=\"twitter:card\" content=\"summary_large_image\" \/>\n<meta name=\"twitter:label1\" content=\"Escrito por\" \/>\n\t<meta name=\"twitter:data1\" content=\"La\u00eds Maria Matos Barradas\" \/>\n\t<meta name=\"twitter:label2\" content=\"Est. tempo de leitura\" \/>\n\t<meta name=\"twitter:data2\" content=\"1 minuto\" \/>\n<script type=\"application\/ld+json\" class=\"yoast-schema-graph\">{\"@context\":\"https:\/\/schema.org\",\"@graph\":[{\"@type\":\"Article\",\"@id\":\"https:\/\/unifsa.com.br\/site\/prorrogadas-matriculas-para-o-programa-de-otimizacao-curricular-poc-2022-1\/#article\",\"isPartOf\":{\"@id\":\"https:\/\/unifsa.com.br\/site\/prorrogadas-matriculas-para-o-programa-de-otimizacao-curricular-poc-2022-1\/\"},\"author\":{\"name\":\"La\u00eds Maria Matos Barradas\",\"@id\":\"https:\/\/unifsa.com.br\/site\/#\/schema\/person\/415c79d344f0e698644c1d29997b4ea8\"},\"headline\":\"Prorrogadas matr\u00edculas para o Programa de Otimiza\u00e7\u00e3o Curricular &#8211; POC 2022.1\",\"datePublished\":\"2021-12-24T00:22:59+00:00\",\"dateModified\":\"2021-12-24T00:23:02+00:00\",\"mainEntityOfPage\":{\"@id\":\"https:\/\/unifsa.com.br\/site\/prorrogadas-matriculas-para-o-programa-de-otimizacao-curricular-poc-2022-1\/\"},\"wordCount\":117,\"publisher\":{\"@id\":\"https:\/\/unifsa.com.br\/site\/#organization\"},\"image\":{\"@id\":\"https:\/\/unifsa.com.br\/site\/prorrogadas-matriculas-para-o-programa-de-otimizacao-curricular-poc-2022-1\/#primaryimage\"},\"thumbnailUrl\":\"https:\/\/unifsa.com.br\/site\/wp-content\/uploads\/2021\/12\/WhatsApp-Image-2021-12-23-at-20.10.02.jpeg\",\"keywords\":[\"matr\u00edculas\",\"POC\"],\"articleSection\":[\"Acontece na UNIFSA\",\"NUAPE\"],\"inLanguage\":\"pt-BR\"},{\"@type\":\"WebPage\",\"@id\":\"https:\/\/unifsa.com.br\/site\/prorrogadas-matriculas-para-o-programa-de-otimizacao-curricular-poc-2022-1\/\",\"url\":\"https:\/\/unifsa.com.br\/site\/prorrogadas-matriculas-para-o-programa-de-otimizacao-curricular-poc-2022-1\/\",\"name\":\"Prorrogadas matr\u00edculas para o Programa de Otimiza\u00e7\u00e3o Curricular - POC 2022.1 - Centro Universit\u00e1rio Santo Agostinho - UNIFSA\",\"isPartOf\":{\"@id\":\"https:\/\/unifsa.com.br\/site\/#website\"},\"primaryImageOfPage\":{\"@id\":\"https:\/\/unifsa.com.br\/site\/prorrogadas-matriculas-para-o-programa-de-otimizacao-curricular-poc-2022-1\/#primaryimage\"},\"image\":{\"@id\":\"https:\/\/unifsa.com.br\/site\/prorrogadas-matriculas-para-o-programa-de-otimizacao-curricular-poc-2022-1\/#primaryimage\"},\"thumbnailUrl\":\"https:\/\/unifsa.com.br\/site\/wp-content\/uploads\/2021\/12\/WhatsApp-Image-2021-12-23-at-20.10.02.jpeg\",\"datePublished\":\"2021-12-24T00:22:59+00:00\",\"dateModified\":\"2021-12-24T00:23:02+00:00\",\"breadcrumb\":{\"@id\":\"https:\/\/unifsa.com.br\/site\/prorrogadas-matriculas-para-o-programa-de-otimizacao-curricular-poc-2022-1\/#breadcrumb\"},\"inLanguage\":\"pt-BR\",\"potentialAction\":[{\"@type\":\"ReadAction\",\"target\":[\"https:\/\/unifsa.com.br\/site\/prorrogadas-matriculas-para-o-programa-de-otimizacao-curricular-poc-2022-1\/\"]}]},{\"@type\":\"ImageObject\",\"inLanguage\":\"pt-BR\",\"@id\":\"https:\/\/unifsa.com.br\/site\/prorrogadas-matriculas-para-o-programa-de-otimizacao-curricular-poc-2022-1\/#primaryimage\",\"url\":\"https:\/\/unifsa.com.br\/site\/wp-content\/uploads\/2021\/12\/WhatsApp-Image-2021-12-23-at-20.10.02.jpeg\",\"contentUrl\":\"https:\/\/unifsa.com.br\/site\/wp-content\/uploads\/2021\/12\/WhatsApp-Image-2021-12-23-at-20.10.02.jpeg\",\"width\":1007,\"height\":422},{\"@type\":\"BreadcrumbList\",\"@id\":\"https:\/\/unifsa.com.br\/site\/prorrogadas-matriculas-para-o-programa-de-otimizacao-curricular-poc-2022-1\/#breadcrumb\",\"itemListElement\":[{\"@type\":\"ListItem\",\"position\":1,\"name\":\"In\u00edcio\",\"item\":\"https:\/\/unifsa.com.br\/site\/\"},{\"@type\":\"ListItem\",\"position\":2,\"name\":\"Prorrogadas matr\u00edculas para o Programa de Otimiza\u00e7\u00e3o Curricular &#8211; POC 2022.1\"}]},{\"@type\":\"WebSite\",\"@id\":\"https:\/\/unifsa.com.br\/site\/#website\",\"url\":\"https:\/\/unifsa.com.br\/site\/\",\"name\":\"Centro Universit\u00e1rio Santo Agostinho - UNIFSA\",\"description\":\"Conhecimento para toda a vida\",\"publisher\":{\"@id\":\"https:\/\/unifsa.com.br\/site\/#organization\"},\"potentialAction\":[{\"@type\":\"SearchAction\",\"target\":{\"@type\":\"EntryPoint\",\"urlTemplate\":\"https:\/\/unifsa.com.br\/site\/?s={search_term_string}\"},\"query-input\":{\"@type\":\"PropertyValueSpecification\",\"valueRequired\":true,\"valueName\":\"search_term_string\"}}],\"inLanguage\":\"pt-BR\"},{\"@type\":\"Organization\",\"@id\":\"https:\/\/unifsa.com.br\/site\/#organization\",\"name\":\"Centro Universit\u00e1rio Santo Agostinho - UNIFSA\",\"url\":\"https:\/\/unifsa.com.br\/site\/\",\"logo\":{\"@type\":\"ImageObject\",\"inLanguage\":\"pt-BR\",\"@id\":\"https:\/\/unifsa.com.br\/site\/#\/schema\/logo\/image\/\",\"url\":\"https:\/\/unifsa.com.br\/site\/wp-content\/uploads\/2023\/03\/MARCA-UNIFSA-CIC23-q2apjs1mt975cf1wl25b044coj90fwoiee1kya6800.png\",\"contentUrl\":\"https:\/\/unifsa.com.br\/site\/wp-content\/uploads\/2023\/03\/MARCA-UNIFSA-CIC23-q2apjs1mt975cf1wl25b044coj90fwoiee1kya6800.png\",\"width\":103,\"height\":100,\"caption\":\"Centro Universit\u00e1rio Santo Agostinho - UNIFSA\"},\"image\":{\"@id\":\"https:\/\/unifsa.com.br\/site\/#\/schema\/logo\/image\/\"},\"sameAs\":[\"https:\/\/www.facebook.com\/unifsa\/\",\"https:\/\/www.instagram.com\/unifsa\/\"]},{\"@type\":\"Person\",\"@id\":\"https:\/\/unifsa.com.br\/site\/#\/schema\/person\/415c79d344f0e698644c1d29997b4ea8\",\"name\":\"La\u00eds Maria Matos Barradas\",\"image\":{\"@type\":\"ImageObject\",\"inLanguage\":\"pt-BR\",\"@id\":\"https:\/\/unifsa.com.br\/site\/#\/schema\/person\/image\/\",\"url\":\"https:\/\/secure.gravatar.com\/avatar\/579e030b035ce08d2bf5e912bef54128?s=96&d=mm&r=g\",\"contentUrl\":\"https:\/\/secure.gravatar.com\/avatar\/579e030b035ce08d2bf5e912bef54128?s=96&d=mm&r=g\",\"caption\":\"La\u00eds Maria Matos Barradas\"},\"url\":\"https:\/\/unifsa.com.br\/site\/author\/laismbarradas\/\"}]}<\/script>\n<!-- \/ Yoast SEO plugin. -->","yoast_head_json":{"title":"Prorrogadas matr\u00edculas para o Programa de Otimiza\u00e7\u00e3o Curricular - POC 2022.1 - Centro Universit\u00e1rio Santo Agostinho - UNIFSA","robots":{"index":"index","follow":"follow","max-snippet":"max-snippet:-1","max-image-preview":"max-image-preview:large","max-video-preview":"max-video-preview:-1"},"canonical":"https:\/\/unifsa.com.br\/site\/prorrogadas-matriculas-para-o-programa-de-otimizacao-curricular-poc-2022-1\/","og_locale":"pt_BR","og_type":"article","og_title":"Prorrogadas matr\u00edculas para o Programa de Otimiza\u00e7\u00e3o Curricular - POC 2022.1 - Centro Universit\u00e1rio Santo Agostinho - UNIFSA","og_description":"O Programa de Otimiza\u00e7\u00e3o Curricular &#8211; POC, do Centro Universit\u00e1rio Santo Agostinho estendeu as matr\u00edculas at\u00e9 o dia 17 de janeiro de 2022. Al\u00e9m disso, as disciplinas ofertadas foram atualizadas com op\u00e7\u00f5es voltadas para os cursos de Direito, Farm\u00e1cia, Engenharia, Administra\u00e7\u00e3o, Ci\u00eancias Cont\u00e1beis, entre outros. As inscri\u00e7\u00f5es acontecem pela plataforma Academus e as aulas se","og_url":"https:\/\/unifsa.com.br\/site\/prorrogadas-matriculas-para-o-programa-de-otimizacao-curricular-poc-2022-1\/","og_site_name":"Centro Universit\u00e1rio Santo Agostinho - UNIFSA","article_publisher":"https:\/\/www.facebook.com\/unifsa\/","article_published_time":"2021-12-24T00:22:59+00:00","article_modified_time":"2021-12-24T00:23:02+00:00","og_image":[{"width":1007,"height":422,"url":"https:\/\/unifsa.com.br\/site\/wp-content\/uploads\/2021\/12\/WhatsApp-Image-2021-12-23-at-20.10.02.jpeg","type":"image\/jpeg"}],"author":"La\u00eds Maria Matos Barradas","twitter_card":"summary_large_image","twitter_misc":{"Escrito por":"La\u00eds Maria Matos Barradas","Est. tempo de leitura":"1 minuto"},"schema":{"@context":"https:\/\/schema.org","@graph":[{"@type":"Article","@id":"https:\/\/unifsa.com.br\/site\/prorrogadas-matriculas-para-o-programa-de-otimizacao-curricular-poc-2022-1\/#article","isPartOf":{"@id":"https:\/\/unifsa.com.br\/site\/prorrogadas-matriculas-para-o-programa-de-otimizacao-curricular-poc-2022-1\/"},"author":{"name":"La\u00eds Maria Matos Barradas","@id":"https:\/\/unifsa.com.br\/site\/#\/schema\/person\/415c79d344f0e698644c1d29997b4ea8"},"headline":"Prorrogadas matr\u00edculas para o Programa de Otimiza\u00e7\u00e3o Curricular &#8211; POC 2022.1","datePublished":"2021-12-24T00:22:59+00:00","dateModified":"2021-12-24T00:23:02+00:00","mainEntityOfPage":{"@id":"https:\/\/unifsa.com.br\/site\/prorrogadas-matriculas-para-o-programa-de-otimizacao-curricular-poc-2022-1\/"},"wordCount":117,"publisher":{"@id":"https:\/\/unifsa.com.br\/site\/#organization"},"image":{"@id":"https:\/\/unifsa.com.br\/site\/prorrogadas-matriculas-para-o-programa-de-otimizacao-curricular-poc-2022-1\/#primaryimage"},"thumbnailUrl":"https:\/\/unifsa.com.br\/site\/wp-content\/uploads\/2021\/12\/WhatsApp-Image-2021-12-23-at-20.10.02.jpeg","keywords":["matr\u00edculas","POC"],"articleSection":["Acontece na UNIFSA","NUAPE"],"inLanguage":"pt-BR"},{"@type":"WebPage","@id":"https:\/\/unifsa.com.br\/site\/prorrogadas-matriculas-para-o-programa-de-otimizacao-curricular-poc-2022-1\/","url":"https:\/\/unifsa.com.br\/site\/prorrogadas-matriculas-para-o-programa-de-otimizacao-curricular-poc-2022-1\/","name":"Prorrogadas matr\u00edculas para o Programa de Otimiza\u00e7\u00e3o Curricular - POC 2022.1 - Centro Universit\u00e1rio Santo Agostinho - UNIFSA","isPartOf":{"@id":"https:\/\/unifsa.com.br\/site\/#website"},"primaryImageOfPage":{"@id":"https:\/\/unifsa.com.br\/site\/prorrogadas-matriculas-para-o-programa-de-otimizacao-curricular-poc-2022-1\/#primaryimage"},"image":{"@id":"https:\/\/unifsa.com.br\/site\/prorrogadas-matriculas-para-o-programa-de-otimizacao-curricular-poc-2022-1\/#primaryimage"},"thumbnailUrl":"https:\/\/unifsa.com.br\/site\/wp-content\/uploads\/2021\/12\/WhatsApp-Image-2021-12-23-at-20.10.02.jpeg","datePublished":"2021-12-24T00:22:59+00:00","dateModified":"2021-12-24T00:23:02+00:00","breadcrumb":{"@id":"https:\/\/unifsa.com.br\/site\/prorrogadas-matriculas-para-o-programa-de-otimizacao-curricular-poc-2022-1\/#breadcrumb"},"inLanguage":"pt-BR","potentialAction":[{"@type":"ReadAction","target":["https:\/\/unifsa.com.br\/site\/prorrogadas-matriculas-para-o-programa-de-otimizacao-curricular-poc-2022-1\/"]}]},{"@type":"ImageObject","inLanguage":"pt-BR","@id":"https:\/\/unifsa.com.br\/site\/prorrogadas-matriculas-para-o-programa-de-otimizacao-curricular-poc-2022-1\/#primaryimage","url":"https:\/\/unifsa.com.br\/site\/wp-content\/uploads\/2021\/12\/WhatsApp-Image-2021-12-23-at-20.10.02.jpeg","contentUrl":"https:\/\/unifsa.com.br\/site\/wp-content\/uploads\/2021\/12\/WhatsApp-Image-2021-12-23-at-20.10.02.jpeg","width":1007,"height":422},{"@type":"BreadcrumbList","@id":"https:\/\/unifsa.com.br\/site\/prorrogadas-matriculas-para-o-programa-de-otimizacao-curricular-poc-2022-1\/#breadcrumb","itemListElement":[{"@type":"ListItem","position":1,"name":"In\u00edcio","item":"https:\/\/unifsa.com.br\/site\/"},{"@type":"ListItem","position":2,"name":"Prorrogadas matr\u00edculas para o Programa de Otimiza\u00e7\u00e3o Curricular &#8211; POC 2022.1"}]},{"@type":"WebSite","@id":"https:\/\/unifsa.com.br\/site\/#website","url":"https:\/\/unifsa.com.br\/site\/","name":"Centro Universit\u00e1rio Santo Agostinho - UNIFSA","description":"Conhecimento para toda a vida","publisher":{"@id":"https:\/\/unifsa.com.br\/site\/#organization"},"potentialAction":[{"@type":"SearchAction","target":{"@type":"EntryPoint","urlTemplate":"https:\/\/unifsa.com.br\/site\/?s={search_term_string}"},"query-input":{"@type":"PropertyValueSpecification","valueRequired":true,"valueName":"search_term_string"}}],"inLanguage":"pt-BR"},{"@type":"Organization","@id":"https:\/\/unifsa.com.br\/site\/#organization","name":"Centro Universit\u00e1rio Santo Agostinho - UNIFSA","url":"https:\/\/unifsa.com.br\/site\/","logo":{"@type":"ImageObject","inLanguage":"pt-BR","@id":"https:\/\/unifsa.com.br\/site\/#\/schema\/logo\/image\/","url":"https:\/\/unifsa.com.br\/site\/wp-content\/uploads\/2023\/03\/MARCA-UNIFSA-CIC23-q2apjs1mt975cf1wl25b044coj90fwoiee1kya6800.png","contentUrl":"https:\/\/unifsa.com.br\/site\/wp-content\/uploads\/2023\/03\/MARCA-UNIFSA-CIC23-q2apjs1mt975cf1wl25b044coj90fwoiee1kya6800.png","width":103,"height":100,"caption":"Centro Universit\u00e1rio Santo Agostinho - UNIFSA"},"image":{"@id":"https:\/\/unifsa.com.br\/site\/#\/schema\/logo\/image\/"},"sameAs":["https:\/\/www.facebook.com\/unifsa\/","https:\/\/www.instagram.com\/unifsa\/"]},{"@type":"Person","@id":"https:\/\/unifsa.com.br\/site\/#\/schema\/person\/415c79d344f0e698644c1d29997b4ea8","name":"La\u00eds Maria Matos Barradas","image":{"@type":"ImageObject","inLanguage":"pt-BR","@id":"https:\/\/unifsa.com.br\/site\/#\/schema\/person\/image\/","url":"https:\/\/secure.gravatar.com\/avatar\/579e030b035ce08d2bf5e912bef54128?s=96&d=mm&r=g","contentUrl":"https:\/\/secure.gravatar.com\/avatar\/579e030b035ce08d2bf5e912bef54128?s=96&d=mm&r=g","caption":"La\u00eds Maria Matos Barradas"},"url":"https:\/\/unifsa.com.br\/site\/author\/laismbarradas\/"}]}},"_links":{"self":[{"href":"https:\/\/unifsa.com.br\/site\/wp-json\/wp\/v2\/posts\/11146","targetHints":{"allow":["GET"]}}],"collection":[{"href":"https:\/\/unifsa.com.br\/site\/wp-json\/wp\/v2\/posts"}],"about":[{"href":"https:\/\/unifsa.com.br\/site\/wp-json\/wp\/v2\/types\/post"}],"author":[{"embeddable":true,"href":"https:\/\/unifsa.com.br\/site\/wp-json\/wp\/v2\/users\/9"}],"replies":[{"embeddable":true,"href":"https:\/\/unifsa.com.br\/site\/wp-json\/wp\/v2\/comments?post=11146"}],"version-history":[{"count":1,"href":"https:\/\/unifsa.com.br\/site\/wp-json\/wp\/v2\/posts\/11146\/revisions"}],"predecessor-version":[{"id":11148,"href":"https:\/\/unifsa.com.br\/site\/wp-json\/wp\/v2\/posts\/11146\/revisions\/11148"}],"wp:featuredmedia":[{"embeddable":true,"href":"https:\/\/unifsa.com.br\/site\/wp-json\/wp\/v2\/media\/11149"}],"wp:attachment":[{"href":"https:\/\/unifsa.com.br\/site\/wp-json\/wp\/v2\/media?parent=11146"}],"wp:term":[{"taxonomy":"category","embeddable":true,"href":"https:\/\/unifsa.com.br\/site\/wp-json\/wp\/v2\/categories?post=11146"},{"taxonomy":"post_tag","embeddable":true,"href":"https:\/\/unifsa.com.br\/site\/wp-json\/wp\/v2\/tags?post=11146"}],"curies":[{"name":"wp","href":"https:\/\/api.w.org\/{rel}","templated":true}]}}