{"id":11102,"date":"2021-12-22T11:43:53","date_gmt":"2021-12-22T14:43:53","guid":{"rendered":"https:\/\/unifsa.com.br\/site\/?p=11102"},"modified":"2021-12-22T11:45:24","modified_gmt":"2021-12-22T14:45:24","slug":"ultimo-dia-de-matriculas-para-o-programa-de-otimizacao-curricular-poc-2022-1","status":"publish","type":"post","link":"https:\/\/unifsa.com.br\/site\/ultimo-dia-de-matriculas-para-o-programa-de-otimizacao-curricular-poc-2022-1\/","title":{"rendered":"\u00daltimo dia de matr\u00edculas para o Programa de Otimiza\u00e7\u00e3o Curricular &#8211; POC 2022.1"},"content":{"rendered":"\n<p>O Programa de Otimiza\u00e7\u00e3o Curricular &#8211; POC, do Centro Universit\u00e1rio Santo Agostinho, abre matr\u00edculas no per\u00edodo do dia 10 a 22 de dezembro. As inscri\u00e7\u00f5es acontecem pela plataforma Academus, e as aulas se iniciam no dia 19 de Janeiro, com t\u00e9rmino previsto para 02 de Fevereiro.<\/p>\n\n\n\n<p>O POC \u00e9 um programa de disciplinas especiais, voltado principalmente para alunos com pend\u00eancias na grade curricular. O programa, que ocorre em todo in\u00edcio de semestre, ser\u00e1 realizado de forma h\u00edbrida, como conta o coordenador do N\u00facleo de Apoio Pedag\u00f3gico \u2013 Nuape, Edjofre Coelho.<\/p>\n\n\n\n<blockquote class=\"wp-block-quote is-layout-flow wp-block-quote-is-layout-flow\"><p>O Programa de Otimiza\u00e7\u00e3o Curricular \u00e9 um programa de disciplinas especiais. Essas disciplinas especiais s\u00e3o uma oportunidade, principalmente para aqueles alunos que est\u00e3o retidos em algumas disciplinas e que est\u00e3o pr\u00f3ximos de se formar, e a\u00ed, pra integralizar a matriz do curso, a institui\u00e7\u00e3o oferta essas disciplinas em car\u00e1ters especiais, em que 50% da disciplina \u00e9 feito presencialmente e os outros cinquenta \u00e9 em ambiente virtual de aprendizagem.<\/p><cite>Edjofre Coelho, Coordenador do N\u00facleo de Apoio Pedag\u00f3gico <\/cite><\/blockquote>\n\n\n\n<div class=\"wp-block-button aligncenter\"><a class=\"wp-block-button__link has-background has-vivid-cyan-blue-background-color\" href=\"https:\/\/unifsa.com.br\/site\/wp-content\/uploads\/2021\/12\/OFERTA-DE-DISCIPLINAS-POC-2022.1-2.pdf\">Confira as disciplinas ofertadas!<\/a><\/div>\n","protected":false},"excerpt":{"rendered":"<p>O Programa de Otimiza\u00e7\u00e3o Curricular &#8211; POC, do Centro Universit\u00e1rio Santo Agostinho, abre matr\u00edculas no per\u00edodo do dia 10 a 22 de dezembro. As inscri\u00e7\u00f5es acontecem pela plataforma Academus, e as aulas se iniciam no dia 19 de Janeiro, com t\u00e9rmino previsto para 02 de Fevereiro. O POC \u00e9 um programa de disciplinas especiais, voltado<\/p>\n","protected":false},"author":9,"featured_media":11104,"comment_status":"closed","ping_status":"open","sticky":false,"template":"","format":"standard","meta":{"_acf_changed":false,"footnotes":""},"categories":[6,385],"tags":[648,147],"class_list":["post-11102","post","type-post","status-publish","format-standard","has-post-thumbnail","hentry","category-acontece-na-unifsa","category-nuape","tag-matriculas","tag-poc"],"acf":[],"yoast_head":"<!-- This site is optimized with the Yoast SEO plugin v26.5 - https:\/\/yoast.com\/wordpress\/plugins\/seo\/ -->\n<title>\u00daltimo dia de matr\u00edculas para o Programa de Otimiza\u00e7\u00e3o Curricular - POC 2022.1 - Centro Universit\u00e1rio Santo Agostinho - UNIFSA<\/title>\n<meta name=\"robots\" content=\"index, follow, max-snippet:-1, max-image-preview:large, max-video-preview:-1\" \/>\n<link rel=\"canonical\" href=\"https:\/\/unifsa.com.br\/site\/ultimo-dia-de-matriculas-para-o-programa-de-otimizacao-curricular-poc-2022-1\/\" \/>\n<meta property=\"og:locale\" content=\"pt_BR\" \/>\n<meta property=\"og:type\" content=\"article\" \/>\n<meta property=\"og:title\" content=\"\u00daltimo dia de matr\u00edculas para o Programa de Otimiza\u00e7\u00e3o Curricular - POC 2022.1 - Centro Universit\u00e1rio Santo Agostinho - UNIFSA\" \/>\n<meta property=\"og:description\" content=\"O Programa de Otimiza\u00e7\u00e3o Curricular &#8211; POC, do Centro Universit\u00e1rio Santo Agostinho, abre matr\u00edculas no per\u00edodo do dia 10 a 22 de dezembro. As inscri\u00e7\u00f5es acontecem pela plataforma Academus, e as aulas se iniciam no dia 19 de Janeiro, com t\u00e9rmino previsto para 02 de Fevereiro. O POC \u00e9 um programa de disciplinas especiais, voltado\" \/>\n<meta property=\"og:url\" content=\"https:\/\/unifsa.com.br\/site\/ultimo-dia-de-matriculas-para-o-programa-de-otimizacao-curricular-poc-2022-1\/\" \/>\n<meta property=\"og:site_name\" content=\"Centro Universit\u00e1rio Santo Agostinho - UNIFSA\" \/>\n<meta property=\"article:publisher\" content=\"https:\/\/www.facebook.com\/unifsa\/\" \/>\n<meta property=\"article:published_time\" content=\"2021-12-22T14:43:53+00:00\" \/>\n<meta property=\"article:modified_time\" content=\"2021-12-22T14:45:24+00:00\" \/>\n<meta property=\"og:image\" content=\"https:\/\/unifsa.com.br\/site\/wp-content\/uploads\/2021\/12\/poc__site-1.jpg\" \/>\n\t<meta property=\"og:image:width\" content=\"1007\" \/>\n\t<meta property=\"og:image:height\" content=\"422\" \/>\n\t<meta property=\"og:image:type\" content=\"image\/jpeg\" \/>\n<meta name=\"author\" content=\"La\u00eds Maria Matos Barradas\" \/>\n<meta name=\"twitter:card\" content=\"summary_large_image\" \/>\n<meta name=\"twitter:label1\" content=\"Escrito por\" \/>\n\t<meta name=\"twitter:data1\" content=\"La\u00eds Maria Matos Barradas\" \/>\n\t<meta name=\"twitter:label2\" content=\"Est. tempo de leitura\" \/>\n\t<meta name=\"twitter:data2\" content=\"1 minuto\" \/>\n<script type=\"application\/ld+json\" class=\"yoast-schema-graph\">{\"@context\":\"https:\/\/schema.org\",\"@graph\":[{\"@type\":\"Article\",\"@id\":\"https:\/\/unifsa.com.br\/site\/ultimo-dia-de-matriculas-para-o-programa-de-otimizacao-curricular-poc-2022-1\/#article\",\"isPartOf\":{\"@id\":\"https:\/\/unifsa.com.br\/site\/ultimo-dia-de-matriculas-para-o-programa-de-otimizacao-curricular-poc-2022-1\/\"},\"author\":{\"name\":\"La\u00eds Maria Matos Barradas\",\"@id\":\"https:\/\/unifsa.com.br\/site\/#\/schema\/person\/415c79d344f0e698644c1d29997b4ea8\"},\"headline\":\"\u00daltimo dia de matr\u00edculas para o Programa de Otimiza\u00e7\u00e3o Curricular &#8211; POC 2022.1\",\"datePublished\":\"2021-12-22T14:43:53+00:00\",\"dateModified\":\"2021-12-22T14:45:24+00:00\",\"mainEntityOfPage\":{\"@id\":\"https:\/\/unifsa.com.br\/site\/ultimo-dia-de-matriculas-para-o-programa-de-otimizacao-curricular-poc-2022-1\/\"},\"wordCount\":194,\"publisher\":{\"@id\":\"https:\/\/unifsa.com.br\/site\/#organization\"},\"image\":{\"@id\":\"https:\/\/unifsa.com.br\/site\/ultimo-dia-de-matriculas-para-o-programa-de-otimizacao-curricular-poc-2022-1\/#primaryimage\"},\"thumbnailUrl\":\"https:\/\/unifsa.com.br\/site\/wp-content\/uploads\/2021\/12\/poc__site-1.jpg\",\"keywords\":[\"matr\u00edculas\",\"POC\"],\"articleSection\":[\"Acontece na UNIFSA\",\"NUAPE\"],\"inLanguage\":\"pt-BR\"},{\"@type\":\"WebPage\",\"@id\":\"https:\/\/unifsa.com.br\/site\/ultimo-dia-de-matriculas-para-o-programa-de-otimizacao-curricular-poc-2022-1\/\",\"url\":\"https:\/\/unifsa.com.br\/site\/ultimo-dia-de-matriculas-para-o-programa-de-otimizacao-curricular-poc-2022-1\/\",\"name\":\"\u00daltimo dia de matr\u00edculas para o Programa de Otimiza\u00e7\u00e3o Curricular - POC 2022.1 - Centro Universit\u00e1rio Santo Agostinho - UNIFSA\",\"isPartOf\":{\"@id\":\"https:\/\/unifsa.com.br\/site\/#website\"},\"primaryImageOfPage\":{\"@id\":\"https:\/\/unifsa.com.br\/site\/ultimo-dia-de-matriculas-para-o-programa-de-otimizacao-curricular-poc-2022-1\/#primaryimage\"},\"image\":{\"@id\":\"https:\/\/unifsa.com.br\/site\/ultimo-dia-de-matriculas-para-o-programa-de-otimizacao-curricular-poc-2022-1\/#primaryimage\"},\"thumbnailUrl\":\"https:\/\/unifsa.com.br\/site\/wp-content\/uploads\/2021\/12\/poc__site-1.jpg\",\"datePublished\":\"2021-12-22T14:43:53+00:00\",\"dateModified\":\"2021-12-22T14:45:24+00:00\",\"breadcrumb\":{\"@id\":\"https:\/\/unifsa.com.br\/site\/ultimo-dia-de-matriculas-para-o-programa-de-otimizacao-curricular-poc-2022-1\/#breadcrumb\"},\"inLanguage\":\"pt-BR\",\"potentialAction\":[{\"@type\":\"ReadAction\",\"target\":[\"https:\/\/unifsa.com.br\/site\/ultimo-dia-de-matriculas-para-o-programa-de-otimizacao-curricular-poc-2022-1\/\"]}]},{\"@type\":\"ImageObject\",\"inLanguage\":\"pt-BR\",\"@id\":\"https:\/\/unifsa.com.br\/site\/ultimo-dia-de-matriculas-para-o-programa-de-otimizacao-curricular-poc-2022-1\/#primaryimage\",\"url\":\"https:\/\/unifsa.com.br\/site\/wp-content\/uploads\/2021\/12\/poc__site-1.jpg\",\"contentUrl\":\"https:\/\/unifsa.com.br\/site\/wp-content\/uploads\/2021\/12\/poc__site-1.jpg\",\"width\":1007,\"height\":422},{\"@type\":\"BreadcrumbList\",\"@id\":\"https:\/\/unifsa.com.br\/site\/ultimo-dia-de-matriculas-para-o-programa-de-otimizacao-curricular-poc-2022-1\/#breadcrumb\",\"itemListElement\":[{\"@type\":\"ListItem\",\"position\":1,\"name\":\"In\u00edcio\",\"item\":\"https:\/\/unifsa.com.br\/site\/\"},{\"@type\":\"ListItem\",\"position\":2,\"name\":\"\u00daltimo dia de matr\u00edculas para o Programa de Otimiza\u00e7\u00e3o Curricular &#8211; POC 2022.1\"}]},{\"@type\":\"WebSite\",\"@id\":\"https:\/\/unifsa.com.br\/site\/#website\",\"url\":\"https:\/\/unifsa.com.br\/site\/\",\"name\":\"Centro Universit\u00e1rio Santo Agostinho - UNIFSA\",\"description\":\"Conhecimento para toda a vida\",\"publisher\":{\"@id\":\"https:\/\/unifsa.com.br\/site\/#organization\"},\"potentialAction\":[{\"@type\":\"SearchAction\",\"target\":{\"@type\":\"EntryPoint\",\"urlTemplate\":\"https:\/\/unifsa.com.br\/site\/?s={search_term_string}\"},\"query-input\":{\"@type\":\"PropertyValueSpecification\",\"valueRequired\":true,\"valueName\":\"search_term_string\"}}],\"inLanguage\":\"pt-BR\"},{\"@type\":\"Organization\",\"@id\":\"https:\/\/unifsa.com.br\/site\/#organization\",\"name\":\"Centro Universit\u00e1rio Santo Agostinho - UNIFSA\",\"url\":\"https:\/\/unifsa.com.br\/site\/\",\"logo\":{\"@type\":\"ImageObject\",\"inLanguage\":\"pt-BR\",\"@id\":\"https:\/\/unifsa.com.br\/site\/#\/schema\/logo\/image\/\",\"url\":\"https:\/\/unifsa.com.br\/site\/wp-content\/uploads\/2023\/03\/MARCA-UNIFSA-CIC23-q2apjs1mt975cf1wl25b044coj90fwoiee1kya6800.png\",\"contentUrl\":\"https:\/\/unifsa.com.br\/site\/wp-content\/uploads\/2023\/03\/MARCA-UNIFSA-CIC23-q2apjs1mt975cf1wl25b044coj90fwoiee1kya6800.png\",\"width\":103,\"height\":100,\"caption\":\"Centro Universit\u00e1rio Santo Agostinho - UNIFSA\"},\"image\":{\"@id\":\"https:\/\/unifsa.com.br\/site\/#\/schema\/logo\/image\/\"},\"sameAs\":[\"https:\/\/www.facebook.com\/unifsa\/\",\"https:\/\/www.instagram.com\/unifsa\/\"]},{\"@type\":\"Person\",\"@id\":\"https:\/\/unifsa.com.br\/site\/#\/schema\/person\/415c79d344f0e698644c1d29997b4ea8\",\"name\":\"La\u00eds Maria Matos Barradas\",\"image\":{\"@type\":\"ImageObject\",\"inLanguage\":\"pt-BR\",\"@id\":\"https:\/\/unifsa.com.br\/site\/#\/schema\/person\/image\/\",\"url\":\"https:\/\/secure.gravatar.com\/avatar\/579e030b035ce08d2bf5e912bef54128?s=96&d=mm&r=g\",\"contentUrl\":\"https:\/\/secure.gravatar.com\/avatar\/579e030b035ce08d2bf5e912bef54128?s=96&d=mm&r=g\",\"caption\":\"La\u00eds Maria Matos Barradas\"},\"url\":\"https:\/\/unifsa.com.br\/site\/author\/laismbarradas\/\"}]}<\/script>\n<!-- \/ Yoast SEO plugin. -->","yoast_head_json":{"title":"\u00daltimo dia de matr\u00edculas para o Programa de Otimiza\u00e7\u00e3o Curricular - POC 2022.1 - Centro Universit\u00e1rio Santo Agostinho - UNIFSA","robots":{"index":"index","follow":"follow","max-snippet":"max-snippet:-1","max-image-preview":"max-image-preview:large","max-video-preview":"max-video-preview:-1"},"canonical":"https:\/\/unifsa.com.br\/site\/ultimo-dia-de-matriculas-para-o-programa-de-otimizacao-curricular-poc-2022-1\/","og_locale":"pt_BR","og_type":"article","og_title":"\u00daltimo dia de matr\u00edculas para o Programa de Otimiza\u00e7\u00e3o Curricular - POC 2022.1 - Centro Universit\u00e1rio Santo Agostinho - UNIFSA","og_description":"O Programa de Otimiza\u00e7\u00e3o Curricular &#8211; POC, do Centro Universit\u00e1rio Santo Agostinho, abre matr\u00edculas no per\u00edodo do dia 10 a 22 de dezembro. As inscri\u00e7\u00f5es acontecem pela plataforma Academus, e as aulas se iniciam no dia 19 de Janeiro, com t\u00e9rmino previsto para 02 de Fevereiro. O POC \u00e9 um programa de disciplinas especiais, voltado","og_url":"https:\/\/unifsa.com.br\/site\/ultimo-dia-de-matriculas-para-o-programa-de-otimizacao-curricular-poc-2022-1\/","og_site_name":"Centro Universit\u00e1rio Santo Agostinho - UNIFSA","article_publisher":"https:\/\/www.facebook.com\/unifsa\/","article_published_time":"2021-12-22T14:43:53+00:00","article_modified_time":"2021-12-22T14:45:24+00:00","og_image":[{"width":1007,"height":422,"url":"https:\/\/unifsa.com.br\/site\/wp-content\/uploads\/2021\/12\/poc__site-1.jpg","type":"image\/jpeg"}],"author":"La\u00eds Maria Matos Barradas","twitter_card":"summary_large_image","twitter_misc":{"Escrito por":"La\u00eds Maria Matos Barradas","Est. tempo de leitura":"1 minuto"},"schema":{"@context":"https:\/\/schema.org","@graph":[{"@type":"Article","@id":"https:\/\/unifsa.com.br\/site\/ultimo-dia-de-matriculas-para-o-programa-de-otimizacao-curricular-poc-2022-1\/#article","isPartOf":{"@id":"https:\/\/unifsa.com.br\/site\/ultimo-dia-de-matriculas-para-o-programa-de-otimizacao-curricular-poc-2022-1\/"},"author":{"name":"La\u00eds Maria Matos Barradas","@id":"https:\/\/unifsa.com.br\/site\/#\/schema\/person\/415c79d344f0e698644c1d29997b4ea8"},"headline":"\u00daltimo dia de matr\u00edculas para o Programa de Otimiza\u00e7\u00e3o Curricular &#8211; POC 2022.1","datePublished":"2021-12-22T14:43:53+00:00","dateModified":"2021-12-22T14:45:24+00:00","mainEntityOfPage":{"@id":"https:\/\/unifsa.com.br\/site\/ultimo-dia-de-matriculas-para-o-programa-de-otimizacao-curricular-poc-2022-1\/"},"wordCount":194,"publisher":{"@id":"https:\/\/unifsa.com.br\/site\/#organization"},"image":{"@id":"https:\/\/unifsa.com.br\/site\/ultimo-dia-de-matriculas-para-o-programa-de-otimizacao-curricular-poc-2022-1\/#primaryimage"},"thumbnailUrl":"https:\/\/unifsa.com.br\/site\/wp-content\/uploads\/2021\/12\/poc__site-1.jpg","keywords":["matr\u00edculas","POC"],"articleSection":["Acontece na UNIFSA","NUAPE"],"inLanguage":"pt-BR"},{"@type":"WebPage","@id":"https:\/\/unifsa.com.br\/site\/ultimo-dia-de-matriculas-para-o-programa-de-otimizacao-curricular-poc-2022-1\/","url":"https:\/\/unifsa.com.br\/site\/ultimo-dia-de-matriculas-para-o-programa-de-otimizacao-curricular-poc-2022-1\/","name":"\u00daltimo dia de matr\u00edculas para o Programa de Otimiza\u00e7\u00e3o Curricular - POC 2022.1 - Centro Universit\u00e1rio Santo Agostinho - UNIFSA","isPartOf":{"@id":"https:\/\/unifsa.com.br\/site\/#website"},"primaryImageOfPage":{"@id":"https:\/\/unifsa.com.br\/site\/ultimo-dia-de-matriculas-para-o-programa-de-otimizacao-curricular-poc-2022-1\/#primaryimage"},"image":{"@id":"https:\/\/unifsa.com.br\/site\/ultimo-dia-de-matriculas-para-o-programa-de-otimizacao-curricular-poc-2022-1\/#primaryimage"},"thumbnailUrl":"https:\/\/unifsa.com.br\/site\/wp-content\/uploads\/2021\/12\/poc__site-1.jpg","datePublished":"2021-12-22T14:43:53+00:00","dateModified":"2021-12-22T14:45:24+00:00","breadcrumb":{"@id":"https:\/\/unifsa.com.br\/site\/ultimo-dia-de-matriculas-para-o-programa-de-otimizacao-curricular-poc-2022-1\/#breadcrumb"},"inLanguage":"pt-BR","potentialAction":[{"@type":"ReadAction","target":["https:\/\/unifsa.com.br\/site\/ultimo-dia-de-matriculas-para-o-programa-de-otimizacao-curricular-poc-2022-1\/"]}]},{"@type":"ImageObject","inLanguage":"pt-BR","@id":"https:\/\/unifsa.com.br\/site\/ultimo-dia-de-matriculas-para-o-programa-de-otimizacao-curricular-poc-2022-1\/#primaryimage","url":"https:\/\/unifsa.com.br\/site\/wp-content\/uploads\/2021\/12\/poc__site-1.jpg","contentUrl":"https:\/\/unifsa.com.br\/site\/wp-content\/uploads\/2021\/12\/poc__site-1.jpg","width":1007,"height":422},{"@type":"BreadcrumbList","@id":"https:\/\/unifsa.com.br\/site\/ultimo-dia-de-matriculas-para-o-programa-de-otimizacao-curricular-poc-2022-1\/#breadcrumb","itemListElement":[{"@type":"ListItem","position":1,"name":"In\u00edcio","item":"https:\/\/unifsa.com.br\/site\/"},{"@type":"ListItem","position":2,"name":"\u00daltimo dia de matr\u00edculas para o Programa de Otimiza\u00e7\u00e3o Curricular &#8211; POC 2022.1"}]},{"@type":"WebSite","@id":"https:\/\/unifsa.com.br\/site\/#website","url":"https:\/\/unifsa.com.br\/site\/","name":"Centro Universit\u00e1rio Santo Agostinho - UNIFSA","description":"Conhecimento para toda a vida","publisher":{"@id":"https:\/\/unifsa.com.br\/site\/#organization"},"potentialAction":[{"@type":"SearchAction","target":{"@type":"EntryPoint","urlTemplate":"https:\/\/unifsa.com.br\/site\/?s={search_term_string}"},"query-input":{"@type":"PropertyValueSpecification","valueRequired":true,"valueName":"search_term_string"}}],"inLanguage":"pt-BR"},{"@type":"Organization","@id":"https:\/\/unifsa.com.br\/site\/#organization","name":"Centro Universit\u00e1rio Santo Agostinho - UNIFSA","url":"https:\/\/unifsa.com.br\/site\/","logo":{"@type":"ImageObject","inLanguage":"pt-BR","@id":"https:\/\/unifsa.com.br\/site\/#\/schema\/logo\/image\/","url":"https:\/\/unifsa.com.br\/site\/wp-content\/uploads\/2023\/03\/MARCA-UNIFSA-CIC23-q2apjs1mt975cf1wl25b044coj90fwoiee1kya6800.png","contentUrl":"https:\/\/unifsa.com.br\/site\/wp-content\/uploads\/2023\/03\/MARCA-UNIFSA-CIC23-q2apjs1mt975cf1wl25b044coj90fwoiee1kya6800.png","width":103,"height":100,"caption":"Centro Universit\u00e1rio Santo Agostinho - UNIFSA"},"image":{"@id":"https:\/\/unifsa.com.br\/site\/#\/schema\/logo\/image\/"},"sameAs":["https:\/\/www.facebook.com\/unifsa\/","https:\/\/www.instagram.com\/unifsa\/"]},{"@type":"Person","@id":"https:\/\/unifsa.com.br\/site\/#\/schema\/person\/415c79d344f0e698644c1d29997b4ea8","name":"La\u00eds Maria Matos Barradas","image":{"@type":"ImageObject","inLanguage":"pt-BR","@id":"https:\/\/unifsa.com.br\/site\/#\/schema\/person\/image\/","url":"https:\/\/secure.gravatar.com\/avatar\/579e030b035ce08d2bf5e912bef54128?s=96&d=mm&r=g","contentUrl":"https:\/\/secure.gravatar.com\/avatar\/579e030b035ce08d2bf5e912bef54128?s=96&d=mm&r=g","caption":"La\u00eds Maria Matos Barradas"},"url":"https:\/\/unifsa.com.br\/site\/author\/laismbarradas\/"}]}},"_links":{"self":[{"href":"https:\/\/unifsa.com.br\/site\/wp-json\/wp\/v2\/posts\/11102","targetHints":{"allow":["GET"]}}],"collection":[{"href":"https:\/\/unifsa.com.br\/site\/wp-json\/wp\/v2\/posts"}],"about":[{"href":"https:\/\/unifsa.com.br\/site\/wp-json\/wp\/v2\/types\/post"}],"author":[{"embeddable":true,"href":"https:\/\/unifsa.com.br\/site\/wp-json\/wp\/v2\/users\/9"}],"replies":[{"embeddable":true,"href":"https:\/\/unifsa.com.br\/site\/wp-json\/wp\/v2\/comments?post=11102"}],"version-history":[{"count":1,"href":"https:\/\/unifsa.com.br\/site\/wp-json\/wp\/v2\/posts\/11102\/revisions"}],"predecessor-version":[{"id":11103,"href":"https:\/\/unifsa.com.br\/site\/wp-json\/wp\/v2\/posts\/11102\/revisions\/11103"}],"wp:featuredmedia":[{"embeddable":true,"href":"https:\/\/unifsa.com.br\/site\/wp-json\/wp\/v2\/media\/11104"}],"wp:attachment":[{"href":"https:\/\/unifsa.com.br\/site\/wp-json\/wp\/v2\/media?parent=11102"}],"wp:term":[{"taxonomy":"category","embeddable":true,"href":"https:\/\/unifsa.com.br\/site\/wp-json\/wp\/v2\/categories?post=11102"},{"taxonomy":"post_tag","embeddable":true,"href":"https:\/\/unifsa.com.br\/site\/wp-json\/wp\/v2\/tags?post=11102"}],"curies":[{"name":"wp","href":"https:\/\/api.w.org\/{rel}","templated":true}]}}