{"id":11087,"date":"2021-12-22T12:16:00","date_gmt":"2021-12-22T15:16:00","guid":{"rendered":"https:\/\/unifsa.com.br\/site\/?p=11087"},"modified":"2021-12-22T12:17:05","modified_gmt":"2021-12-22T15:17:05","slug":"estudante-unifsa-conquista-a-vice-presidencia-da-federacao-nacional-dos-estudantes-de-engenharia-civil","status":"publish","type":"post","link":"https:\/\/unifsa.com.br\/site\/estudante-unifsa-conquista-a-vice-presidencia-da-federacao-nacional-dos-estudantes-de-engenharia-civil\/","title":{"rendered":"Estudante UNIFSA conquista a vice-presid\u00eancia da Federa\u00e7\u00e3o Nacional dos Estudantes de Engenharia Civil"},"content":{"rendered":"\n<p class=\"texto-justificado\">O estudante do 5\u00b0 per\u00edodo do curso de Engenharia Civil do Centro Universit\u00e1rio Santo Agostinho, <strong>Ualekson Almeida Silva<\/strong>, conquistou o cargo de <strong>Vice-presidente da Federa\u00e7\u00e3o Nacional dos Estudantes de Engenharia Civil &#8211; FENEC<\/strong>, \u00f3rg\u00e3o que representa os mais de 100 mil brasileiros estudantes da \u00e1rea.<\/p>\n\n\n\n<p class=\"texto-justificado\">O jovem, que tem 23 anos, conta que, para chegar a FENEC, foi preciso todo um processo eleitoral. A princ\u00edpio, Ualekson come\u00e7ou como l\u00edder de turma, e depois foi diretor geral do CAEC (Centro Acad\u00eamico de Engenharia Civil) do UNIFSA. Logo em seguida, o aluno foi eleito Presidente do Centro Acad\u00eamico, sendo este um dos requisitos para ser candidato a algum cargo de diretoria da Federa\u00e7\u00e3o.<\/p>\n\n\n\n<p class=\"texto-justificado\">Com isso, os principais objetivos de Ualekson na vice-presid\u00eancia \u00e9 poder contribuir com os acad\u00eamicos de engenharia Civil do Brasil, e poder dar uma assist\u00eancia especial no Piau\u00ed,  por meio de projetos e assim melhorar a vida dos estudantes. Al\u00e9m de levar o nome do UNIFSA para toda a Am\u00e9rica Latina,  atrav\u00e9s da ALEIC &#8211; Associa\u00e7\u00e3o Latino-americana de Estudantes de Engenharia Civil.<\/p>\n\n\n\n<blockquote class=\"wp-block-quote texto-justificado is-layout-flow wp-block-quote-is-layout-flow\"><p>Eu n\u00e3o canso de falar que o UNIFSA \u00e9 a melhor institui\u00e7\u00e3o de ensino de todo o Piau\u00ed, e isso contribuiu muito, porque atrav\u00e9s dos professores, do curso eu fiquei apaixonado por todo o universo da Engenharia Civil. Eu me sinto muito feliz e realizado em fazer parte dessa institui\u00e7\u00e3o, e fico muito feliz por levar o nome da UNIFSA  para  todo o  Brasil.<\/p><cite> Ualekson Almeida Silva, aluno de Engenharia Civil UNIFSA<\/cite><\/blockquote>\n","protected":false},"excerpt":{"rendered":"<p>O estudante do 5\u00b0 per\u00edodo do curso de Engenharia Civil do Centro Universit\u00e1rio Santo Agostinho, Ualekson Almeida Silva, conquistou o cargo de Vice-presidente da Federa\u00e7\u00e3o Nacional dos Estudantes de Engenharia Civil &#8211; FENEC, \u00f3rg\u00e3o que representa os mais de 100 mil brasileiros estudantes da \u00e1rea. O jovem, que tem 23 anos, conta que, para chegar<\/p>\n","protected":false},"author":11,"featured_media":11107,"comment_status":"closed","ping_status":"open","sticky":false,"template":"","format":"standard","meta":{"_acf_changed":false,"footnotes":""},"categories":[6,56],"tags":[],"class_list":["post-11087","post","type-post","status-publish","format-standard","has-post-thumbnail","hentry","category-acontece-na-unifsa","category-engenharia-civil"],"acf":[],"yoast_head":"<!-- This site is optimized with the Yoast SEO plugin v26.5 - https:\/\/yoast.com\/wordpress\/plugins\/seo\/ -->\n<title>Estudante UNIFSA conquista a vice-presid\u00eancia da Federa\u00e7\u00e3o Nacional dos Estudantes de Engenharia Civil - Centro Universit\u00e1rio Santo Agostinho - UNIFSA<\/title>\n<meta name=\"robots\" content=\"index, follow, max-snippet:-1, max-image-preview:large, max-video-preview:-1\" \/>\n<link rel=\"canonical\" href=\"https:\/\/unifsa.com.br\/site\/estudante-unifsa-conquista-a-vice-presidencia-da-federacao-nacional-dos-estudantes-de-engenharia-civil\/\" \/>\n<meta property=\"og:locale\" content=\"pt_BR\" \/>\n<meta property=\"og:type\" content=\"article\" \/>\n<meta property=\"og:title\" content=\"Estudante UNIFSA conquista a vice-presid\u00eancia da Federa\u00e7\u00e3o Nacional dos Estudantes de Engenharia Civil - Centro Universit\u00e1rio Santo Agostinho - UNIFSA\" \/>\n<meta property=\"og:description\" content=\"O estudante do 5\u00b0 per\u00edodo do curso de Engenharia Civil do Centro Universit\u00e1rio Santo Agostinho, Ualekson Almeida Silva, conquistou o cargo de Vice-presidente da Federa\u00e7\u00e3o Nacional dos Estudantes de Engenharia Civil &#8211; FENEC, \u00f3rg\u00e3o que representa os mais de 100 mil brasileiros estudantes da \u00e1rea. O jovem, que tem 23 anos, conta que, para chegar\" \/>\n<meta property=\"og:url\" content=\"https:\/\/unifsa.com.br\/site\/estudante-unifsa-conquista-a-vice-presidencia-da-federacao-nacional-dos-estudantes-de-engenharia-civil\/\" \/>\n<meta property=\"og:site_name\" content=\"Centro Universit\u00e1rio Santo Agostinho - UNIFSA\" \/>\n<meta property=\"article:publisher\" content=\"https:\/\/www.facebook.com\/unifsa\/\" \/>\n<meta property=\"article:published_time\" content=\"2021-12-22T15:16:00+00:00\" \/>\n<meta property=\"article:modified_time\" content=\"2021-12-22T15:17:05+00:00\" \/>\n<meta property=\"og:image\" content=\"https:\/\/unifsa.com.br\/site\/wp-content\/uploads\/2021\/12\/eng__site.jpg\" \/>\n\t<meta property=\"og:image:width\" content=\"1007\" \/>\n\t<meta property=\"og:image:height\" content=\"422\" \/>\n\t<meta property=\"og:image:type\" content=\"image\/jpeg\" \/>\n<meta name=\"author\" content=\"Oceannyra Kelly da Cruz Silva\" \/>\n<meta name=\"twitter:card\" content=\"summary_large_image\" \/>\n<meta name=\"twitter:label1\" content=\"Escrito por\" \/>\n\t<meta name=\"twitter:data1\" content=\"Oceannyra Kelly da Cruz Silva\" \/>\n\t<meta name=\"twitter:label2\" content=\"Est. tempo de leitura\" \/>\n\t<meta name=\"twitter:data2\" content=\"1 minuto\" \/>\n<script type=\"application\/ld+json\" class=\"yoast-schema-graph\">{\"@context\":\"https:\/\/schema.org\",\"@graph\":[{\"@type\":\"Article\",\"@id\":\"https:\/\/unifsa.com.br\/site\/estudante-unifsa-conquista-a-vice-presidencia-da-federacao-nacional-dos-estudantes-de-engenharia-civil\/#article\",\"isPartOf\":{\"@id\":\"https:\/\/unifsa.com.br\/site\/estudante-unifsa-conquista-a-vice-presidencia-da-federacao-nacional-dos-estudantes-de-engenharia-civil\/\"},\"author\":{\"name\":\"Oceannyra Kelly da Cruz Silva\",\"@id\":\"https:\/\/unifsa.com.br\/site\/#\/schema\/person\/a4cec94bbc6ddf98f579162824de9bf2\"},\"headline\":\"Estudante UNIFSA conquista a vice-presid\u00eancia da Federa\u00e7\u00e3o Nacional dos Estudantes de Engenharia Civil\",\"datePublished\":\"2021-12-22T15:16:00+00:00\",\"dateModified\":\"2021-12-22T15:17:05+00:00\",\"mainEntityOfPage\":{\"@id\":\"https:\/\/unifsa.com.br\/site\/estudante-unifsa-conquista-a-vice-presidencia-da-federacao-nacional-dos-estudantes-de-engenharia-civil\/\"},\"wordCount\":276,\"publisher\":{\"@id\":\"https:\/\/unifsa.com.br\/site\/#organization\"},\"image\":{\"@id\":\"https:\/\/unifsa.com.br\/site\/estudante-unifsa-conquista-a-vice-presidencia-da-federacao-nacional-dos-estudantes-de-engenharia-civil\/#primaryimage\"},\"thumbnailUrl\":\"https:\/\/unifsa.com.br\/site\/wp-content\/uploads\/2021\/12\/eng__site.jpg\",\"articleSection\":[\"Acontece na UNIFSA\",\"Engenharia Civil\"],\"inLanguage\":\"pt-BR\"},{\"@type\":\"WebPage\",\"@id\":\"https:\/\/unifsa.com.br\/site\/estudante-unifsa-conquista-a-vice-presidencia-da-federacao-nacional-dos-estudantes-de-engenharia-civil\/\",\"url\":\"https:\/\/unifsa.com.br\/site\/estudante-unifsa-conquista-a-vice-presidencia-da-federacao-nacional-dos-estudantes-de-engenharia-civil\/\",\"name\":\"Estudante UNIFSA conquista a vice-presid\u00eancia da Federa\u00e7\u00e3o Nacional dos Estudantes de Engenharia Civil - Centro Universit\u00e1rio Santo Agostinho - UNIFSA\",\"isPartOf\":{\"@id\":\"https:\/\/unifsa.com.br\/site\/#website\"},\"primaryImageOfPage\":{\"@id\":\"https:\/\/unifsa.com.br\/site\/estudante-unifsa-conquista-a-vice-presidencia-da-federacao-nacional-dos-estudantes-de-engenharia-civil\/#primaryimage\"},\"image\":{\"@id\":\"https:\/\/unifsa.com.br\/site\/estudante-unifsa-conquista-a-vice-presidencia-da-federacao-nacional-dos-estudantes-de-engenharia-civil\/#primaryimage\"},\"thumbnailUrl\":\"https:\/\/unifsa.com.br\/site\/wp-content\/uploads\/2021\/12\/eng__site.jpg\",\"datePublished\":\"2021-12-22T15:16:00+00:00\",\"dateModified\":\"2021-12-22T15:17:05+00:00\",\"breadcrumb\":{\"@id\":\"https:\/\/unifsa.com.br\/site\/estudante-unifsa-conquista-a-vice-presidencia-da-federacao-nacional-dos-estudantes-de-engenharia-civil\/#breadcrumb\"},\"inLanguage\":\"pt-BR\",\"potentialAction\":[{\"@type\":\"ReadAction\",\"target\":[\"https:\/\/unifsa.com.br\/site\/estudante-unifsa-conquista-a-vice-presidencia-da-federacao-nacional-dos-estudantes-de-engenharia-civil\/\"]}]},{\"@type\":\"ImageObject\",\"inLanguage\":\"pt-BR\",\"@id\":\"https:\/\/unifsa.com.br\/site\/estudante-unifsa-conquista-a-vice-presidencia-da-federacao-nacional-dos-estudantes-de-engenharia-civil\/#primaryimage\",\"url\":\"https:\/\/unifsa.com.br\/site\/wp-content\/uploads\/2021\/12\/eng__site.jpg\",\"contentUrl\":\"https:\/\/unifsa.com.br\/site\/wp-content\/uploads\/2021\/12\/eng__site.jpg\",\"width\":1007,\"height\":422},{\"@type\":\"BreadcrumbList\",\"@id\":\"https:\/\/unifsa.com.br\/site\/estudante-unifsa-conquista-a-vice-presidencia-da-federacao-nacional-dos-estudantes-de-engenharia-civil\/#breadcrumb\",\"itemListElement\":[{\"@type\":\"ListItem\",\"position\":1,\"name\":\"In\u00edcio\",\"item\":\"https:\/\/unifsa.com.br\/site\/\"},{\"@type\":\"ListItem\",\"position\":2,\"name\":\"Estudante UNIFSA conquista a vice-presid\u00eancia da Federa\u00e7\u00e3o Nacional dos Estudantes de Engenharia Civil\"}]},{\"@type\":\"WebSite\",\"@id\":\"https:\/\/unifsa.com.br\/site\/#website\",\"url\":\"https:\/\/unifsa.com.br\/site\/\",\"name\":\"Centro Universit\u00e1rio Santo Agostinho - UNIFSA\",\"description\":\"Conhecimento para toda a vida\",\"publisher\":{\"@id\":\"https:\/\/unifsa.com.br\/site\/#organization\"},\"potentialAction\":[{\"@type\":\"SearchAction\",\"target\":{\"@type\":\"EntryPoint\",\"urlTemplate\":\"https:\/\/unifsa.com.br\/site\/?s={search_term_string}\"},\"query-input\":{\"@type\":\"PropertyValueSpecification\",\"valueRequired\":true,\"valueName\":\"search_term_string\"}}],\"inLanguage\":\"pt-BR\"},{\"@type\":\"Organization\",\"@id\":\"https:\/\/unifsa.com.br\/site\/#organization\",\"name\":\"Centro Universit\u00e1rio Santo Agostinho - UNIFSA\",\"url\":\"https:\/\/unifsa.com.br\/site\/\",\"logo\":{\"@type\":\"ImageObject\",\"inLanguage\":\"pt-BR\",\"@id\":\"https:\/\/unifsa.com.br\/site\/#\/schema\/logo\/image\/\",\"url\":\"https:\/\/unifsa.com.br\/site\/wp-content\/uploads\/2023\/03\/MARCA-UNIFSA-CIC23-q2apjs1mt975cf1wl25b044coj90fwoiee1kya6800.png\",\"contentUrl\":\"https:\/\/unifsa.com.br\/site\/wp-content\/uploads\/2023\/03\/MARCA-UNIFSA-CIC23-q2apjs1mt975cf1wl25b044coj90fwoiee1kya6800.png\",\"width\":103,\"height\":100,\"caption\":\"Centro Universit\u00e1rio Santo Agostinho - UNIFSA\"},\"image\":{\"@id\":\"https:\/\/unifsa.com.br\/site\/#\/schema\/logo\/image\/\"},\"sameAs\":[\"https:\/\/www.facebook.com\/unifsa\/\",\"https:\/\/www.instagram.com\/unifsa\/\"]},{\"@type\":\"Person\",\"@id\":\"https:\/\/unifsa.com.br\/site\/#\/schema\/person\/a4cec94bbc6ddf98f579162824de9bf2\",\"name\":\"Oceannyra Kelly da Cruz Silva\",\"image\":{\"@type\":\"ImageObject\",\"inLanguage\":\"pt-BR\",\"@id\":\"https:\/\/unifsa.com.br\/site\/#\/schema\/person\/image\/\",\"url\":\"https:\/\/secure.gravatar.com\/avatar\/671b9403a3f629391fa303312f7d3867?s=96&d=mm&r=g\",\"contentUrl\":\"https:\/\/secure.gravatar.com\/avatar\/671b9403a3f629391fa303312f7d3867?s=96&d=mm&r=g\",\"caption\":\"Oceannyra Kelly da Cruz Silva\"},\"url\":\"https:\/\/unifsa.com.br\/site\/author\/oceannyrakelly\/\"}]}<\/script>\n<!-- \/ Yoast SEO plugin. -->","yoast_head_json":{"title":"Estudante UNIFSA conquista a vice-presid\u00eancia da Federa\u00e7\u00e3o Nacional dos Estudantes de Engenharia Civil - Centro Universit\u00e1rio Santo Agostinho - UNIFSA","robots":{"index":"index","follow":"follow","max-snippet":"max-snippet:-1","max-image-preview":"max-image-preview:large","max-video-preview":"max-video-preview:-1"},"canonical":"https:\/\/unifsa.com.br\/site\/estudante-unifsa-conquista-a-vice-presidencia-da-federacao-nacional-dos-estudantes-de-engenharia-civil\/","og_locale":"pt_BR","og_type":"article","og_title":"Estudante UNIFSA conquista a vice-presid\u00eancia da Federa\u00e7\u00e3o Nacional dos Estudantes de Engenharia Civil - Centro Universit\u00e1rio Santo Agostinho - UNIFSA","og_description":"O estudante do 5\u00b0 per\u00edodo do curso de Engenharia Civil do Centro Universit\u00e1rio Santo Agostinho, Ualekson Almeida Silva, conquistou o cargo de Vice-presidente da Federa\u00e7\u00e3o Nacional dos Estudantes de Engenharia Civil &#8211; FENEC, \u00f3rg\u00e3o que representa os mais de 100 mil brasileiros estudantes da \u00e1rea. O jovem, que tem 23 anos, conta que, para chegar","og_url":"https:\/\/unifsa.com.br\/site\/estudante-unifsa-conquista-a-vice-presidencia-da-federacao-nacional-dos-estudantes-de-engenharia-civil\/","og_site_name":"Centro Universit\u00e1rio Santo Agostinho - UNIFSA","article_publisher":"https:\/\/www.facebook.com\/unifsa\/","article_published_time":"2021-12-22T15:16:00+00:00","article_modified_time":"2021-12-22T15:17:05+00:00","og_image":[{"width":1007,"height":422,"url":"https:\/\/unifsa.com.br\/site\/wp-content\/uploads\/2021\/12\/eng__site.jpg","type":"image\/jpeg"}],"author":"Oceannyra Kelly da Cruz Silva","twitter_card":"summary_large_image","twitter_misc":{"Escrito por":"Oceannyra Kelly da Cruz Silva","Est. tempo de leitura":"1 minuto"},"schema":{"@context":"https:\/\/schema.org","@graph":[{"@type":"Article","@id":"https:\/\/unifsa.com.br\/site\/estudante-unifsa-conquista-a-vice-presidencia-da-federacao-nacional-dos-estudantes-de-engenharia-civil\/#article","isPartOf":{"@id":"https:\/\/unifsa.com.br\/site\/estudante-unifsa-conquista-a-vice-presidencia-da-federacao-nacional-dos-estudantes-de-engenharia-civil\/"},"author":{"name":"Oceannyra Kelly da Cruz Silva","@id":"https:\/\/unifsa.com.br\/site\/#\/schema\/person\/a4cec94bbc6ddf98f579162824de9bf2"},"headline":"Estudante UNIFSA conquista a vice-presid\u00eancia da Federa\u00e7\u00e3o Nacional dos Estudantes de Engenharia Civil","datePublished":"2021-12-22T15:16:00+00:00","dateModified":"2021-12-22T15:17:05+00:00","mainEntityOfPage":{"@id":"https:\/\/unifsa.com.br\/site\/estudante-unifsa-conquista-a-vice-presidencia-da-federacao-nacional-dos-estudantes-de-engenharia-civil\/"},"wordCount":276,"publisher":{"@id":"https:\/\/unifsa.com.br\/site\/#organization"},"image":{"@id":"https:\/\/unifsa.com.br\/site\/estudante-unifsa-conquista-a-vice-presidencia-da-federacao-nacional-dos-estudantes-de-engenharia-civil\/#primaryimage"},"thumbnailUrl":"https:\/\/unifsa.com.br\/site\/wp-content\/uploads\/2021\/12\/eng__site.jpg","articleSection":["Acontece na UNIFSA","Engenharia Civil"],"inLanguage":"pt-BR"},{"@type":"WebPage","@id":"https:\/\/unifsa.com.br\/site\/estudante-unifsa-conquista-a-vice-presidencia-da-federacao-nacional-dos-estudantes-de-engenharia-civil\/","url":"https:\/\/unifsa.com.br\/site\/estudante-unifsa-conquista-a-vice-presidencia-da-federacao-nacional-dos-estudantes-de-engenharia-civil\/","name":"Estudante UNIFSA conquista a vice-presid\u00eancia da Federa\u00e7\u00e3o Nacional dos Estudantes de Engenharia Civil - Centro Universit\u00e1rio Santo Agostinho - UNIFSA","isPartOf":{"@id":"https:\/\/unifsa.com.br\/site\/#website"},"primaryImageOfPage":{"@id":"https:\/\/unifsa.com.br\/site\/estudante-unifsa-conquista-a-vice-presidencia-da-federacao-nacional-dos-estudantes-de-engenharia-civil\/#primaryimage"},"image":{"@id":"https:\/\/unifsa.com.br\/site\/estudante-unifsa-conquista-a-vice-presidencia-da-federacao-nacional-dos-estudantes-de-engenharia-civil\/#primaryimage"},"thumbnailUrl":"https:\/\/unifsa.com.br\/site\/wp-content\/uploads\/2021\/12\/eng__site.jpg","datePublished":"2021-12-22T15:16:00+00:00","dateModified":"2021-12-22T15:17:05+00:00","breadcrumb":{"@id":"https:\/\/unifsa.com.br\/site\/estudante-unifsa-conquista-a-vice-presidencia-da-federacao-nacional-dos-estudantes-de-engenharia-civil\/#breadcrumb"},"inLanguage":"pt-BR","potentialAction":[{"@type":"ReadAction","target":["https:\/\/unifsa.com.br\/site\/estudante-unifsa-conquista-a-vice-presidencia-da-federacao-nacional-dos-estudantes-de-engenharia-civil\/"]}]},{"@type":"ImageObject","inLanguage":"pt-BR","@id":"https:\/\/unifsa.com.br\/site\/estudante-unifsa-conquista-a-vice-presidencia-da-federacao-nacional-dos-estudantes-de-engenharia-civil\/#primaryimage","url":"https:\/\/unifsa.com.br\/site\/wp-content\/uploads\/2021\/12\/eng__site.jpg","contentUrl":"https:\/\/unifsa.com.br\/site\/wp-content\/uploads\/2021\/12\/eng__site.jpg","width":1007,"height":422},{"@type":"BreadcrumbList","@id":"https:\/\/unifsa.com.br\/site\/estudante-unifsa-conquista-a-vice-presidencia-da-federacao-nacional-dos-estudantes-de-engenharia-civil\/#breadcrumb","itemListElement":[{"@type":"ListItem","position":1,"name":"In\u00edcio","item":"https:\/\/unifsa.com.br\/site\/"},{"@type":"ListItem","position":2,"name":"Estudante UNIFSA conquista a vice-presid\u00eancia da Federa\u00e7\u00e3o Nacional dos Estudantes de Engenharia Civil"}]},{"@type":"WebSite","@id":"https:\/\/unifsa.com.br\/site\/#website","url":"https:\/\/unifsa.com.br\/site\/","name":"Centro Universit\u00e1rio Santo Agostinho - UNIFSA","description":"Conhecimento para toda a vida","publisher":{"@id":"https:\/\/unifsa.com.br\/site\/#organization"},"potentialAction":[{"@type":"SearchAction","target":{"@type":"EntryPoint","urlTemplate":"https:\/\/unifsa.com.br\/site\/?s={search_term_string}"},"query-input":{"@type":"PropertyValueSpecification","valueRequired":true,"valueName":"search_term_string"}}],"inLanguage":"pt-BR"},{"@type":"Organization","@id":"https:\/\/unifsa.com.br\/site\/#organization","name":"Centro Universit\u00e1rio Santo Agostinho - UNIFSA","url":"https:\/\/unifsa.com.br\/site\/","logo":{"@type":"ImageObject","inLanguage":"pt-BR","@id":"https:\/\/unifsa.com.br\/site\/#\/schema\/logo\/image\/","url":"https:\/\/unifsa.com.br\/site\/wp-content\/uploads\/2023\/03\/MARCA-UNIFSA-CIC23-q2apjs1mt975cf1wl25b044coj90fwoiee1kya6800.png","contentUrl":"https:\/\/unifsa.com.br\/site\/wp-content\/uploads\/2023\/03\/MARCA-UNIFSA-CIC23-q2apjs1mt975cf1wl25b044coj90fwoiee1kya6800.png","width":103,"height":100,"caption":"Centro Universit\u00e1rio Santo Agostinho - UNIFSA"},"image":{"@id":"https:\/\/unifsa.com.br\/site\/#\/schema\/logo\/image\/"},"sameAs":["https:\/\/www.facebook.com\/unifsa\/","https:\/\/www.instagram.com\/unifsa\/"]},{"@type":"Person","@id":"https:\/\/unifsa.com.br\/site\/#\/schema\/person\/a4cec94bbc6ddf98f579162824de9bf2","name":"Oceannyra Kelly da Cruz Silva","image":{"@type":"ImageObject","inLanguage":"pt-BR","@id":"https:\/\/unifsa.com.br\/site\/#\/schema\/person\/image\/","url":"https:\/\/secure.gravatar.com\/avatar\/671b9403a3f629391fa303312f7d3867?s=96&d=mm&r=g","contentUrl":"https:\/\/secure.gravatar.com\/avatar\/671b9403a3f629391fa303312f7d3867?s=96&d=mm&r=g","caption":"Oceannyra Kelly da Cruz Silva"},"url":"https:\/\/unifsa.com.br\/site\/author\/oceannyrakelly\/"}]}},"_links":{"self":[{"href":"https:\/\/unifsa.com.br\/site\/wp-json\/wp\/v2\/posts\/11087","targetHints":{"allow":["GET"]}}],"collection":[{"href":"https:\/\/unifsa.com.br\/site\/wp-json\/wp\/v2\/posts"}],"about":[{"href":"https:\/\/unifsa.com.br\/site\/wp-json\/wp\/v2\/types\/post"}],"author":[{"embeddable":true,"href":"https:\/\/unifsa.com.br\/site\/wp-json\/wp\/v2\/users\/11"}],"replies":[{"embeddable":true,"href":"https:\/\/unifsa.com.br\/site\/wp-json\/wp\/v2\/comments?post=11087"}],"version-history":[{"count":6,"href":"https:\/\/unifsa.com.br\/site\/wp-json\/wp\/v2\/posts\/11087\/revisions"}],"predecessor-version":[{"id":11108,"href":"https:\/\/unifsa.com.br\/site\/wp-json\/wp\/v2\/posts\/11087\/revisions\/11108"}],"wp:featuredmedia":[{"embeddable":true,"href":"https:\/\/unifsa.com.br\/site\/wp-json\/wp\/v2\/media\/11107"}],"wp:attachment":[{"href":"https:\/\/unifsa.com.br\/site\/wp-json\/wp\/v2\/media?parent=11087"}],"wp:term":[{"taxonomy":"category","embeddable":true,"href":"https:\/\/unifsa.com.br\/site\/wp-json\/wp\/v2\/categories?post=11087"},{"taxonomy":"post_tag","embeddable":true,"href":"https:\/\/unifsa.com.br\/site\/wp-json\/wp\/v2\/tags?post=11087"}],"curies":[{"name":"wp","href":"https:\/\/api.w.org\/{rel}","templated":true}]}}