{"id":10747,"date":"2021-12-02T09:32:32","date_gmt":"2021-12-02T12:32:32","guid":{"rendered":"https:\/\/unifsa.com.br\/site\/?p=10747"},"modified":"2021-12-02T09:32:34","modified_gmt":"2021-12-02T12:32:34","slug":"unifsa-lanca-edital-2022-1-para-transferencia-e-2a-graduacao","status":"publish","type":"post","link":"https:\/\/unifsa.com.br\/site\/unifsa-lanca-edital-2022-1-para-transferencia-e-2a-graduacao\/","title":{"rendered":"UNIFSA lan\u00e7a edital 2022.1 para transfer\u00eancia e 2\u00aa gradua\u00e7\u00e3o"},"content":{"rendered":"\n<p class=\"has-drop-cap texto-justificado\">O Centro Universit\u00e1rio Santo Agostinho acredita em voc\u00ea e, por isso, abre o edital 2022.1 para quem deseja realizar transfer\u00eancia ou 2\u00ba gradua\u00e7\u00e3o. As inscri\u00e7\u00f5es para os 16 cursos de gradua\u00e7\u00e3o est\u00e3o abertas at\u00e9 22 de fevereiro de 2022 com <em><strong>vagas limitadas<\/strong><\/em> e possibilidade trazer o seu Financiamento Estudantil (FIES).<\/p>\n\n\n\n<blockquote class=\"wp-block-quote texto-justificado is-layout-flow wp-block-quote-is-layout-flow\"><p>Ganhe descontos que variam de 30% a 90% para organizar o seu or\u00e7amento. <\/p><\/blockquote>\n\n\n\n<div class=\"wp-block-button aligncenter\"><a class=\"wp-block-button__link has-background has-vivid-cyan-blue-background-color\" href=\"https:\/\/unifsa.com.br\/site\/wp-content\/uploads\/2021\/12\/Transfer\u00eancia-e-2-gradua\u00e7ao-2.pdf\">Baixe aqui o edital completo<\/a><\/div>\n\n\n\n<p class=\"texto-justificado\">As inscri\u00e7\u00f5es do processo seletivo, tanto para transfer\u00eancia como para a  2\u00ba gradua\u00e7\u00e3o, podem ser realizadas de  forma presencial, no protocolo da Institui\u00e7\u00e3o, ou atrav\u00e9s do email: <em><strong>transferencia_segundagraduacao@unifsa.com.br<\/strong><\/em> com o envio da documenta\u00e7\u00e3o digitalizada e leg\u00edvel (01 Documento por p\u00e1gina).<\/p>\n\n\n\n<p class=\"has-text-color has-background has-very-dark-gray-color has-pale-cyan-blue-background-color\"><strong>TRANSFER\u00caNCIA<\/strong> &#8211; 90% DE DESCONTO NA MATR\u00cdCULA E POSSIBILIDADE DE TRAZER FIES<\/p>\n\n\n\n<ul class=\"wp-block-list\"><li> RG; CPF;  <\/li><li> Hist\u00f3rico escolar atualizado, expedido pela Institui\u00e7\u00e3o de origem, com indica\u00e7\u00e3o do Sistema de Avalia\u00e7\u00e3o;<\/li><li> Programas de disciplinas cursadas; <\/li><li> Declara\u00e7\u00e3o de que o aluno encontra-se matriculado; <\/li><li> Declara\u00e7\u00e3o de Regularidade com o ENADE; <\/li><li> Certid\u00e3o de Adimpl\u00eancia; <\/li><li>Certid\u00e3o de Nascimento e\/ou Casamento;<\/li><li> T\u00edtulo Eleitoral; <\/li><li>Prova de quita\u00e7\u00e3o com o servi\u00e7o militar \/ Reservista;<\/li><li>Certificado de Conclus\u00e3o do Ensino M\u00e9dio;<\/li><li> Hist\u00f3rico de Conclus\u00e3o do Ensino M\u00e9dio; <\/li><li> Comprovante de Endere\u00e7o Atualizado; <\/li><li> Comprovante de renda do aluno (a) ou respons\u00e1vel. <\/li><\/ul>\n\n\n\n<p class=\"has-text-color has-background has-very-dark-gray-color has-pale-cyan-blue-background-color texto-justificado\"><strong>2\u00aa GRADUA\u00c7\u00c3O <\/strong>&#8211; 50% NA MATR\u00cdCULA E 30% DE DESCONTO DA SEGUNDA A SEXTA MENSALIDADE DE CADA SEMESTRE DURANTE TODO O CURSO<\/p>\n\n\n\n<ul class=\"wp-block-list\"><li> C\u00f3pia do Diploma da Gradua\u00e7\u00e3o\/certificado de Conclus\u00e3o do Curso de gradua\u00e7\u00e3o com validade de 180 dias a partir da data de expedi\u00e7\u00e3o  <\/li><li> Hist\u00f3rico Escolar da gradua\u00e7\u00e3o; <\/li><li> RG; CPF;  <\/li><li> Certid\u00e3o de Nascimento e\/ou Casamento;  <\/li><li> T\u00edtulo Eleitoral;  <\/li><li> Prova de quita\u00e7\u00e3o com o servi\u00e7o militar \/ Reservista; <\/li><li> Certificado de Conclus\u00e3o do Ensino M\u00e9dio; <\/li><li>  Comprovante de Endere\u00e7o Atualizado; <\/li><li> Comprovante de renda do aluno (a) ou respons\u00e1vel.  <\/li><\/ul>\n\n\n\n<p class=\"texto-justificado\">O atendimento presencial acontecer\u00e1 de segunda a sexta, das 8h \u00e0s 18h. Para mais informa\u00e7\u00f5es basta entrar em contato com a institui\u00e7\u00e3o pelo telefone (86) 3215-8704.<\/p>\n","protected":false},"excerpt":{"rendered":"<p>O Centro Universit\u00e1rio Santo Agostinho acredita em voc\u00ea e, por isso, abre o edital 2022.1 para quem deseja realizar transfer\u00eancia ou 2\u00ba gradua\u00e7\u00e3o. As inscri\u00e7\u00f5es para os 16 cursos de gradua\u00e7\u00e3o est\u00e3o abertas at\u00e9 22 de fevereiro de 2022 com vagas limitadas e possibilidade trazer o seu Financiamento Estudantil (FIES). Ganhe descontos que variam de<\/p>\n","protected":false},"author":9,"featured_media":10749,"comment_status":"closed","ping_status":"open","sticky":false,"template":"","format":"standard","meta":{"_acf_changed":false,"footnotes":""},"categories":[6],"tags":[],"class_list":["post-10747","post","type-post","status-publish","format-standard","has-post-thumbnail","hentry","category-acontece-na-unifsa"],"acf":[],"yoast_head":"<!-- This site is optimized with the Yoast SEO plugin v26.5 - https:\/\/yoast.com\/wordpress\/plugins\/seo\/ -->\n<title>UNIFSA lan\u00e7a edital 2022.1 para transfer\u00eancia e 2\u00aa gradua\u00e7\u00e3o - Centro Universit\u00e1rio Santo Agostinho - UNIFSA<\/title>\n<meta name=\"robots\" content=\"index, follow, max-snippet:-1, max-image-preview:large, max-video-preview:-1\" \/>\n<link rel=\"canonical\" href=\"https:\/\/unifsa.com.br\/site\/unifsa-lanca-edital-2022-1-para-transferencia-e-2a-graduacao\/\" \/>\n<meta property=\"og:locale\" content=\"pt_BR\" \/>\n<meta property=\"og:type\" content=\"article\" \/>\n<meta property=\"og:title\" content=\"UNIFSA lan\u00e7a edital 2022.1 para transfer\u00eancia e 2\u00aa gradua\u00e7\u00e3o - Centro Universit\u00e1rio Santo Agostinho - UNIFSA\" \/>\n<meta property=\"og:description\" content=\"O Centro Universit\u00e1rio Santo Agostinho acredita em voc\u00ea e, por isso, abre o edital 2022.1 para quem deseja realizar transfer\u00eancia ou 2\u00ba gradua\u00e7\u00e3o. As inscri\u00e7\u00f5es para os 16 cursos de gradua\u00e7\u00e3o est\u00e3o abertas at\u00e9 22 de fevereiro de 2022 com vagas limitadas e possibilidade trazer o seu Financiamento Estudantil (FIES). Ganhe descontos que variam de\" \/>\n<meta property=\"og:url\" content=\"https:\/\/unifsa.com.br\/site\/unifsa-lanca-edital-2022-1-para-transferencia-e-2a-graduacao\/\" \/>\n<meta property=\"og:site_name\" content=\"Centro Universit\u00e1rio Santo Agostinho - UNIFSA\" \/>\n<meta property=\"article:publisher\" content=\"https:\/\/www.facebook.com\/unifsa\/\" \/>\n<meta property=\"article:published_time\" content=\"2021-12-02T12:32:32+00:00\" \/>\n<meta property=\"article:modified_time\" content=\"2021-12-02T12:32:34+00:00\" \/>\n<meta property=\"og:image\" content=\"https:\/\/unifsa.com.br\/site\/wp-content\/uploads\/2021\/12\/BANNER-TRansferidos-VEST-2022.1-DESTAQUE-01-scaled.jpg\" \/>\n\t<meta property=\"og:image:width\" content=\"2560\" \/>\n\t<meta property=\"og:image:height\" content=\"1110\" \/>\n\t<meta property=\"og:image:type\" content=\"image\/jpeg\" \/>\n<meta name=\"author\" content=\"La\u00eds Maria Matos Barradas\" \/>\n<meta name=\"twitter:card\" content=\"summary_large_image\" \/>\n<meta name=\"twitter:label1\" content=\"Escrito por\" \/>\n\t<meta name=\"twitter:data1\" content=\"La\u00eds Maria Matos Barradas\" \/>\n\t<meta name=\"twitter:label2\" content=\"Est. tempo de leitura\" \/>\n\t<meta name=\"twitter:data2\" content=\"2 minutos\" \/>\n<script type=\"application\/ld+json\" class=\"yoast-schema-graph\">{\"@context\":\"https:\/\/schema.org\",\"@graph\":[{\"@type\":\"Article\",\"@id\":\"https:\/\/unifsa.com.br\/site\/unifsa-lanca-edital-2022-1-para-transferencia-e-2a-graduacao\/#article\",\"isPartOf\":{\"@id\":\"https:\/\/unifsa.com.br\/site\/unifsa-lanca-edital-2022-1-para-transferencia-e-2a-graduacao\/\"},\"author\":{\"name\":\"La\u00eds Maria Matos Barradas\",\"@id\":\"https:\/\/unifsa.com.br\/site\/#\/schema\/person\/415c79d344f0e698644c1d29997b4ea8\"},\"headline\":\"UNIFSA lan\u00e7a edital 2022.1 para transfer\u00eancia e 2\u00aa gradua\u00e7\u00e3o\",\"datePublished\":\"2021-12-02T12:32:32+00:00\",\"dateModified\":\"2021-12-02T12:32:34+00:00\",\"mainEntityOfPage\":{\"@id\":\"https:\/\/unifsa.com.br\/site\/unifsa-lanca-edital-2022-1-para-transferencia-e-2a-graduacao\/\"},\"wordCount\":361,\"publisher\":{\"@id\":\"https:\/\/unifsa.com.br\/site\/#organization\"},\"image\":{\"@id\":\"https:\/\/unifsa.com.br\/site\/unifsa-lanca-edital-2022-1-para-transferencia-e-2a-graduacao\/#primaryimage\"},\"thumbnailUrl\":\"https:\/\/unifsa.com.br\/site\/wp-content\/uploads\/2021\/12\/BANNER-TRansferidos-VEST-2022.1-DESTAQUE-01-scaled.jpg\",\"articleSection\":[\"Acontece na UNIFSA\"],\"inLanguage\":\"pt-BR\"},{\"@type\":\"WebPage\",\"@id\":\"https:\/\/unifsa.com.br\/site\/unifsa-lanca-edital-2022-1-para-transferencia-e-2a-graduacao\/\",\"url\":\"https:\/\/unifsa.com.br\/site\/unifsa-lanca-edital-2022-1-para-transferencia-e-2a-graduacao\/\",\"name\":\"UNIFSA lan\u00e7a edital 2022.1 para transfer\u00eancia e 2\u00aa gradua\u00e7\u00e3o - Centro Universit\u00e1rio Santo Agostinho - UNIFSA\",\"isPartOf\":{\"@id\":\"https:\/\/unifsa.com.br\/site\/#website\"},\"primaryImageOfPage\":{\"@id\":\"https:\/\/unifsa.com.br\/site\/unifsa-lanca-edital-2022-1-para-transferencia-e-2a-graduacao\/#primaryimage\"},\"image\":{\"@id\":\"https:\/\/unifsa.com.br\/site\/unifsa-lanca-edital-2022-1-para-transferencia-e-2a-graduacao\/#primaryimage\"},\"thumbnailUrl\":\"https:\/\/unifsa.com.br\/site\/wp-content\/uploads\/2021\/12\/BANNER-TRansferidos-VEST-2022.1-DESTAQUE-01-scaled.jpg\",\"datePublished\":\"2021-12-02T12:32:32+00:00\",\"dateModified\":\"2021-12-02T12:32:34+00:00\",\"breadcrumb\":{\"@id\":\"https:\/\/unifsa.com.br\/site\/unifsa-lanca-edital-2022-1-para-transferencia-e-2a-graduacao\/#breadcrumb\"},\"inLanguage\":\"pt-BR\",\"potentialAction\":[{\"@type\":\"ReadAction\",\"target\":[\"https:\/\/unifsa.com.br\/site\/unifsa-lanca-edital-2022-1-para-transferencia-e-2a-graduacao\/\"]}]},{\"@type\":\"ImageObject\",\"inLanguage\":\"pt-BR\",\"@id\":\"https:\/\/unifsa.com.br\/site\/unifsa-lanca-edital-2022-1-para-transferencia-e-2a-graduacao\/#primaryimage\",\"url\":\"https:\/\/unifsa.com.br\/site\/wp-content\/uploads\/2021\/12\/BANNER-TRansferidos-VEST-2022.1-DESTAQUE-01-scaled.jpg\",\"contentUrl\":\"https:\/\/unifsa.com.br\/site\/wp-content\/uploads\/2021\/12\/BANNER-TRansferidos-VEST-2022.1-DESTAQUE-01-scaled.jpg\",\"width\":2560,\"height\":1110},{\"@type\":\"BreadcrumbList\",\"@id\":\"https:\/\/unifsa.com.br\/site\/unifsa-lanca-edital-2022-1-para-transferencia-e-2a-graduacao\/#breadcrumb\",\"itemListElement\":[{\"@type\":\"ListItem\",\"position\":1,\"name\":\"In\u00edcio\",\"item\":\"https:\/\/unifsa.com.br\/site\/\"},{\"@type\":\"ListItem\",\"position\":2,\"name\":\"UNIFSA lan\u00e7a edital 2022.1 para transfer\u00eancia e 2\u00aa gradua\u00e7\u00e3o\"}]},{\"@type\":\"WebSite\",\"@id\":\"https:\/\/unifsa.com.br\/site\/#website\",\"url\":\"https:\/\/unifsa.com.br\/site\/\",\"name\":\"Centro Universit\u00e1rio Santo Agostinho - UNIFSA\",\"description\":\"Conhecimento para toda a vida\",\"publisher\":{\"@id\":\"https:\/\/unifsa.com.br\/site\/#organization\"},\"potentialAction\":[{\"@type\":\"SearchAction\",\"target\":{\"@type\":\"EntryPoint\",\"urlTemplate\":\"https:\/\/unifsa.com.br\/site\/?s={search_term_string}\"},\"query-input\":{\"@type\":\"PropertyValueSpecification\",\"valueRequired\":true,\"valueName\":\"search_term_string\"}}],\"inLanguage\":\"pt-BR\"},{\"@type\":\"Organization\",\"@id\":\"https:\/\/unifsa.com.br\/site\/#organization\",\"name\":\"Centro Universit\u00e1rio Santo Agostinho - UNIFSA\",\"url\":\"https:\/\/unifsa.com.br\/site\/\",\"logo\":{\"@type\":\"ImageObject\",\"inLanguage\":\"pt-BR\",\"@id\":\"https:\/\/unifsa.com.br\/site\/#\/schema\/logo\/image\/\",\"url\":\"https:\/\/unifsa.com.br\/site\/wp-content\/uploads\/2023\/03\/MARCA-UNIFSA-CIC23-q2apjs1mt975cf1wl25b044coj90fwoiee1kya6800.png\",\"contentUrl\":\"https:\/\/unifsa.com.br\/site\/wp-content\/uploads\/2023\/03\/MARCA-UNIFSA-CIC23-q2apjs1mt975cf1wl25b044coj90fwoiee1kya6800.png\",\"width\":103,\"height\":100,\"caption\":\"Centro Universit\u00e1rio Santo Agostinho - UNIFSA\"},\"image\":{\"@id\":\"https:\/\/unifsa.com.br\/site\/#\/schema\/logo\/image\/\"},\"sameAs\":[\"https:\/\/www.facebook.com\/unifsa\/\",\"https:\/\/www.instagram.com\/unifsa\/\"]},{\"@type\":\"Person\",\"@id\":\"https:\/\/unifsa.com.br\/site\/#\/schema\/person\/415c79d344f0e698644c1d29997b4ea8\",\"name\":\"La\u00eds Maria Matos Barradas\",\"image\":{\"@type\":\"ImageObject\",\"inLanguage\":\"pt-BR\",\"@id\":\"https:\/\/unifsa.com.br\/site\/#\/schema\/person\/image\/\",\"url\":\"https:\/\/secure.gravatar.com\/avatar\/579e030b035ce08d2bf5e912bef54128?s=96&d=mm&r=g\",\"contentUrl\":\"https:\/\/secure.gravatar.com\/avatar\/579e030b035ce08d2bf5e912bef54128?s=96&d=mm&r=g\",\"caption\":\"La\u00eds Maria Matos Barradas\"},\"url\":\"https:\/\/unifsa.com.br\/site\/author\/laismbarradas\/\"}]}<\/script>\n<!-- \/ Yoast SEO plugin. -->","yoast_head_json":{"title":"UNIFSA lan\u00e7a edital 2022.1 para transfer\u00eancia e 2\u00aa gradua\u00e7\u00e3o - Centro Universit\u00e1rio Santo Agostinho - UNIFSA","robots":{"index":"index","follow":"follow","max-snippet":"max-snippet:-1","max-image-preview":"max-image-preview:large","max-video-preview":"max-video-preview:-1"},"canonical":"https:\/\/unifsa.com.br\/site\/unifsa-lanca-edital-2022-1-para-transferencia-e-2a-graduacao\/","og_locale":"pt_BR","og_type":"article","og_title":"UNIFSA lan\u00e7a edital 2022.1 para transfer\u00eancia e 2\u00aa gradua\u00e7\u00e3o - Centro Universit\u00e1rio Santo Agostinho - UNIFSA","og_description":"O Centro Universit\u00e1rio Santo Agostinho acredita em voc\u00ea e, por isso, abre o edital 2022.1 para quem deseja realizar transfer\u00eancia ou 2\u00ba gradua\u00e7\u00e3o. As inscri\u00e7\u00f5es para os 16 cursos de gradua\u00e7\u00e3o est\u00e3o abertas at\u00e9 22 de fevereiro de 2022 com vagas limitadas e possibilidade trazer o seu Financiamento Estudantil (FIES). Ganhe descontos que variam de","og_url":"https:\/\/unifsa.com.br\/site\/unifsa-lanca-edital-2022-1-para-transferencia-e-2a-graduacao\/","og_site_name":"Centro Universit\u00e1rio Santo Agostinho - UNIFSA","article_publisher":"https:\/\/www.facebook.com\/unifsa\/","article_published_time":"2021-12-02T12:32:32+00:00","article_modified_time":"2021-12-02T12:32:34+00:00","og_image":[{"width":2560,"height":1110,"url":"https:\/\/unifsa.com.br\/site\/wp-content\/uploads\/2021\/12\/BANNER-TRansferidos-VEST-2022.1-DESTAQUE-01-scaled.jpg","type":"image\/jpeg"}],"author":"La\u00eds Maria Matos Barradas","twitter_card":"summary_large_image","twitter_misc":{"Escrito por":"La\u00eds Maria Matos Barradas","Est. tempo de leitura":"2 minutos"},"schema":{"@context":"https:\/\/schema.org","@graph":[{"@type":"Article","@id":"https:\/\/unifsa.com.br\/site\/unifsa-lanca-edital-2022-1-para-transferencia-e-2a-graduacao\/#article","isPartOf":{"@id":"https:\/\/unifsa.com.br\/site\/unifsa-lanca-edital-2022-1-para-transferencia-e-2a-graduacao\/"},"author":{"name":"La\u00eds Maria Matos Barradas","@id":"https:\/\/unifsa.com.br\/site\/#\/schema\/person\/415c79d344f0e698644c1d29997b4ea8"},"headline":"UNIFSA lan\u00e7a edital 2022.1 para transfer\u00eancia e 2\u00aa gradua\u00e7\u00e3o","datePublished":"2021-12-02T12:32:32+00:00","dateModified":"2021-12-02T12:32:34+00:00","mainEntityOfPage":{"@id":"https:\/\/unifsa.com.br\/site\/unifsa-lanca-edital-2022-1-para-transferencia-e-2a-graduacao\/"},"wordCount":361,"publisher":{"@id":"https:\/\/unifsa.com.br\/site\/#organization"},"image":{"@id":"https:\/\/unifsa.com.br\/site\/unifsa-lanca-edital-2022-1-para-transferencia-e-2a-graduacao\/#primaryimage"},"thumbnailUrl":"https:\/\/unifsa.com.br\/site\/wp-content\/uploads\/2021\/12\/BANNER-TRansferidos-VEST-2022.1-DESTAQUE-01-scaled.jpg","articleSection":["Acontece na UNIFSA"],"inLanguage":"pt-BR"},{"@type":"WebPage","@id":"https:\/\/unifsa.com.br\/site\/unifsa-lanca-edital-2022-1-para-transferencia-e-2a-graduacao\/","url":"https:\/\/unifsa.com.br\/site\/unifsa-lanca-edital-2022-1-para-transferencia-e-2a-graduacao\/","name":"UNIFSA lan\u00e7a edital 2022.1 para transfer\u00eancia e 2\u00aa gradua\u00e7\u00e3o - Centro Universit\u00e1rio Santo Agostinho - UNIFSA","isPartOf":{"@id":"https:\/\/unifsa.com.br\/site\/#website"},"primaryImageOfPage":{"@id":"https:\/\/unifsa.com.br\/site\/unifsa-lanca-edital-2022-1-para-transferencia-e-2a-graduacao\/#primaryimage"},"image":{"@id":"https:\/\/unifsa.com.br\/site\/unifsa-lanca-edital-2022-1-para-transferencia-e-2a-graduacao\/#primaryimage"},"thumbnailUrl":"https:\/\/unifsa.com.br\/site\/wp-content\/uploads\/2021\/12\/BANNER-TRansferidos-VEST-2022.1-DESTAQUE-01-scaled.jpg","datePublished":"2021-12-02T12:32:32+00:00","dateModified":"2021-12-02T12:32:34+00:00","breadcrumb":{"@id":"https:\/\/unifsa.com.br\/site\/unifsa-lanca-edital-2022-1-para-transferencia-e-2a-graduacao\/#breadcrumb"},"inLanguage":"pt-BR","potentialAction":[{"@type":"ReadAction","target":["https:\/\/unifsa.com.br\/site\/unifsa-lanca-edital-2022-1-para-transferencia-e-2a-graduacao\/"]}]},{"@type":"ImageObject","inLanguage":"pt-BR","@id":"https:\/\/unifsa.com.br\/site\/unifsa-lanca-edital-2022-1-para-transferencia-e-2a-graduacao\/#primaryimage","url":"https:\/\/unifsa.com.br\/site\/wp-content\/uploads\/2021\/12\/BANNER-TRansferidos-VEST-2022.1-DESTAQUE-01-scaled.jpg","contentUrl":"https:\/\/unifsa.com.br\/site\/wp-content\/uploads\/2021\/12\/BANNER-TRansferidos-VEST-2022.1-DESTAQUE-01-scaled.jpg","width":2560,"height":1110},{"@type":"BreadcrumbList","@id":"https:\/\/unifsa.com.br\/site\/unifsa-lanca-edital-2022-1-para-transferencia-e-2a-graduacao\/#breadcrumb","itemListElement":[{"@type":"ListItem","position":1,"name":"In\u00edcio","item":"https:\/\/unifsa.com.br\/site\/"},{"@type":"ListItem","position":2,"name":"UNIFSA lan\u00e7a edital 2022.1 para transfer\u00eancia e 2\u00aa gradua\u00e7\u00e3o"}]},{"@type":"WebSite","@id":"https:\/\/unifsa.com.br\/site\/#website","url":"https:\/\/unifsa.com.br\/site\/","name":"Centro Universit\u00e1rio Santo Agostinho - UNIFSA","description":"Conhecimento para toda a vida","publisher":{"@id":"https:\/\/unifsa.com.br\/site\/#organization"},"potentialAction":[{"@type":"SearchAction","target":{"@type":"EntryPoint","urlTemplate":"https:\/\/unifsa.com.br\/site\/?s={search_term_string}"},"query-input":{"@type":"PropertyValueSpecification","valueRequired":true,"valueName":"search_term_string"}}],"inLanguage":"pt-BR"},{"@type":"Organization","@id":"https:\/\/unifsa.com.br\/site\/#organization","name":"Centro Universit\u00e1rio Santo Agostinho - UNIFSA","url":"https:\/\/unifsa.com.br\/site\/","logo":{"@type":"ImageObject","inLanguage":"pt-BR","@id":"https:\/\/unifsa.com.br\/site\/#\/schema\/logo\/image\/","url":"https:\/\/unifsa.com.br\/site\/wp-content\/uploads\/2023\/03\/MARCA-UNIFSA-CIC23-q2apjs1mt975cf1wl25b044coj90fwoiee1kya6800.png","contentUrl":"https:\/\/unifsa.com.br\/site\/wp-content\/uploads\/2023\/03\/MARCA-UNIFSA-CIC23-q2apjs1mt975cf1wl25b044coj90fwoiee1kya6800.png","width":103,"height":100,"caption":"Centro Universit\u00e1rio Santo Agostinho - UNIFSA"},"image":{"@id":"https:\/\/unifsa.com.br\/site\/#\/schema\/logo\/image\/"},"sameAs":["https:\/\/www.facebook.com\/unifsa\/","https:\/\/www.instagram.com\/unifsa\/"]},{"@type":"Person","@id":"https:\/\/unifsa.com.br\/site\/#\/schema\/person\/415c79d344f0e698644c1d29997b4ea8","name":"La\u00eds Maria Matos Barradas","image":{"@type":"ImageObject","inLanguage":"pt-BR","@id":"https:\/\/unifsa.com.br\/site\/#\/schema\/person\/image\/","url":"https:\/\/secure.gravatar.com\/avatar\/579e030b035ce08d2bf5e912bef54128?s=96&d=mm&r=g","contentUrl":"https:\/\/secure.gravatar.com\/avatar\/579e030b035ce08d2bf5e912bef54128?s=96&d=mm&r=g","caption":"La\u00eds Maria Matos Barradas"},"url":"https:\/\/unifsa.com.br\/site\/author\/laismbarradas\/"}]}},"_links":{"self":[{"href":"https:\/\/unifsa.com.br\/site\/wp-json\/wp\/v2\/posts\/10747","targetHints":{"allow":["GET"]}}],"collection":[{"href":"https:\/\/unifsa.com.br\/site\/wp-json\/wp\/v2\/posts"}],"about":[{"href":"https:\/\/unifsa.com.br\/site\/wp-json\/wp\/v2\/types\/post"}],"author":[{"embeddable":true,"href":"https:\/\/unifsa.com.br\/site\/wp-json\/wp\/v2\/users\/9"}],"replies":[{"embeddable":true,"href":"https:\/\/unifsa.com.br\/site\/wp-json\/wp\/v2\/comments?post=10747"}],"version-history":[{"count":1,"href":"https:\/\/unifsa.com.br\/site\/wp-json\/wp\/v2\/posts\/10747\/revisions"}],"predecessor-version":[{"id":10750,"href":"https:\/\/unifsa.com.br\/site\/wp-json\/wp\/v2\/posts\/10747\/revisions\/10750"}],"wp:featuredmedia":[{"embeddable":true,"href":"https:\/\/unifsa.com.br\/site\/wp-json\/wp\/v2\/media\/10749"}],"wp:attachment":[{"href":"https:\/\/unifsa.com.br\/site\/wp-json\/wp\/v2\/media?parent=10747"}],"wp:term":[{"taxonomy":"category","embeddable":true,"href":"https:\/\/unifsa.com.br\/site\/wp-json\/wp\/v2\/categories?post=10747"},{"taxonomy":"post_tag","embeddable":true,"href":"https:\/\/unifsa.com.br\/site\/wp-json\/wp\/v2\/tags?post=10747"}],"curies":[{"name":"wp","href":"https:\/\/api.w.org\/{rel}","templated":true}]}}