{"id":10577,"date":"2021-11-25T11:01:12","date_gmt":"2021-11-25T14:01:12","guid":{"rendered":"https:\/\/unifsa.com.br\/site\/?p=10577"},"modified":"2021-11-25T11:01:13","modified_gmt":"2021-11-25T14:01:13","slug":"unifsa-promove-atividade-de-extensao-voltada-para-o-dia-do-engenheiro-de-producao-producao-day-2021","status":"publish","type":"post","link":"https:\/\/unifsa.com.br\/site\/unifsa-promove-atividade-de-extensao-voltada-para-o-dia-do-engenheiro-de-producao-producao-day-2021\/","title":{"rendered":"UNIFSA promove atividade de extens\u00e3o voltada para o dia do engenheiro de produ\u00e7\u00e3o: Produ\u00e7\u00e3o Day 2021"},"content":{"rendered":"\n<p class=\"texto-justificado \">O Centro Universit\u00e1rio Santo Agostinho est\u00e1 com inscri\u00e7\u00f5es abertas para atividade de extens\u00e3o voltada para o dia do engenheiro de produ\u00e7\u00e3o: Produ\u00e7\u00e3o Day 2021, que acontece nos dias 02, 03 e 04 de dezembro, no formato online e presencial, somando uma carga hor\u00e1ria de 10h. As inscri\u00e7\u00f5es s\u00e3o gratuitas e ficar\u00e3o abertas at\u00e9 o dia 01 de dezembro, pela plataforma do Sympla.&nbsp;<br><\/p>\n\n\n\n<div class=\"wp-block-button aligncenter is-style-fill\"><a class=\"wp-block-button__link has-background has-vivid-red-background-color\" href=\"https:\/\/www.sympla.com.br\/producao-day-2021__1425995\">SE INSCREVA AQUI! <\/a><\/div>\n\n\n\n<p class=\"texto-justificado\">Segundo o organizador do evento, Prof. Msc.Luis Henrique dos Santos, \u00e9 de suma import\u00e2ncia que os futuros profissionais da engenharia de produ\u00e7\u00e3o participem dessa atividade, pois al\u00e9m de possibilitar a motiva\u00e7\u00e3o dos alunos com rela\u00e7\u00e3o \u00e0s suas \u00e1reas de forma\u00e7\u00e3o, tamb\u00e9m ser\u00e1 uma capacita\u00e7\u00e3o enriquecedora.\u00a0<\/p>\n\n\n\n<p><\/p>\n\n\n\n<blockquote class=\"wp-block-quote texto-justificado is-layout-flow wp-block-quote-is-layout-flow\"><p>O\u00a0 Produ\u00e7\u00e3o Day 2021 tem o objetivo de\u00a0 ressaltar a import\u00e2ncia desse profissional, com foco especial no mercado de trabalho piauiense e das potencialidades da \u00e1rea. O evento contribuir\u00e1 para a consolida\u00e7\u00e3o da \u00e1rea junto aos estudantes, profissionais e comunidade. Al\u00e9m disso, a atividade de extens\u00e3o tamb\u00e9m visa integrar experi\u00eancias dos egressos com os discentes difundindo conhecimento da realidade do mercado de trabalho.<br><\/p><cite>Disse, o  Prof. Luis Henrique<\/cite><\/blockquote>\n\n\n\n<p class=\"texto-justificado\">Os encontros acontecer\u00e3o no no formato online e presencial, no dia 02 ser\u00e1 realizado um bate-papo sobre como se comportar em uma entrevista de emprego, no dia 03, acontecer\u00e1 uma conversa sobre uma perspectiva voltado para os rec\u00e9m-formados, e no \u00faltimo dia, o encontro de encerramento mediado pelo Prof. Msc.Luis Henrique dos Santos.<\/p>\n\n\n\n<p><\/p>\n\n\n\n<p><strong>CONFIRA A PROGRAMA\u00c7\u00c3O DO EVENTO <\/strong><\/p>\n\n\n\n<figure class=\"wp-block-table\"><table class=\"\"><tbody><tr><td>\n  <strong>DATA<\/strong>\n  <\/td><td>\n  <strong>HOR\u00c1RIO<\/strong>\n  <\/td><td>\n  <strong>ATIVIDADE<\/strong>\n  <\/td><td>\n  <strong>MINISTRANTE<\/strong>\n  <\/td><\/tr><tr><td>\n  02\/12\n  <\/td><td>\n  18h30\n  <\/td><td>\n  <strong>Bate-papo:\n  como tirar de letra uma entrevista de emprego?<\/strong>\n  Link: <a href=\"https:\/\/ca.bbcollab.com\/guest\/905924344c41490baf44f8a967a7afa8\" target=\"_blank\" rel=\"noreferrer noopener\">https:\/\/ca.bbcollab.com\/guest\/905924344c41490baf44f8a967a7afa8<\/a>\n  &nbsp;\n  <\/td><td>\n  Prof. Esp D\u00e9bora\n  Andrade\n  <\/td><\/tr><tr><td>\n  03\/12\n  <\/td><td>\n  18h30\n  <\/td><td>\n  <strong>Talk: me\n  formei e agora?<\/strong>\n  Link: &nbsp;<a href=\"https:\/\/ca.bbcollab.com\/guest\/fe51b1758c0348a683eb3bc4db511bbb\" target=\"_blank\" rel=\"noreferrer noopener\">https:\/\/ca.bbcollab.com\/guest\/fe51b1758c0348a683eb3bc4db511bbb<\/a>&nbsp;\n  <\/td><td>\n  Esp.\n  Evanielly Barbosa; Esp. Gerson Rio; \n  Esp.\n  Patr\u00edcia Oliveira\n  <\/td><\/tr><tr><td>\n  04\/12\n  <\/td><td>\n  10h30\n  <\/td><td>\n  <strong>Produ\u00e7\u00e3o Day:\n  Produzindo o qu\u00ea? (atividade presencial)<\/strong>\n  Local: Sala\n  de Aula (SEDE)\n  <\/td><td>\n  Prof. Msc\n  Luis Henrique dos Santos\n  <\/td><\/tr><\/tbody><\/table><\/figure>\n\n\n\n<div class=\"wp-block-button aligncenter is-style-outline is-style-outline--1\"><a class=\"wp-block-button__link has-text-color has-very-light-gray-color has-background has-vivid-cyan-blue-background-color\" href=\"https:\/\/unifsa.com.br\/site\/wp-content\/uploads\/2021\/11\/PRODUC\u0327A\u0303O-DAY-2021-\u2013-DIA-DO-ENGENHEIRO-DE-PRODUC\u0327A\u0303O-deferido.doc\">Baixar programa\u00e7\u00e3o completa <\/a><\/div>\n","protected":false},"excerpt":{"rendered":"<p>O Centro Universit\u00e1rio Santo Agostinho est\u00e1 com inscri\u00e7\u00f5es abertas para atividade de extens\u00e3o voltada para o dia do engenheiro de produ\u00e7\u00e3o: Produ\u00e7\u00e3o Day 2021, que acontece nos dias 02, 03 e 04 de dezembro, no formato online e presencial, somando uma carga hor\u00e1ria de 10h. As inscri\u00e7\u00f5es s\u00e3o gratuitas e ficar\u00e3o abertas at\u00e9 o dia<\/p>\n","protected":false},"author":2,"featured_media":10610,"comment_status":"closed","ping_status":"open","sticky":false,"template":"","format":"standard","meta":{"_acf_changed":false,"footnotes":""},"categories":[6,57,72],"tags":[112,110,82],"class_list":["post-10577","post","type-post","status-publish","format-standard","has-post-thumbnail","hentry","category-acontece-na-unifsa","category-engenharia-producao","category-extensao","tag-engenharia-de-producao","tag-extensao","tag-unifsa"],"acf":[],"yoast_head":"<!-- This site is optimized with the Yoast SEO plugin v26.5 - https:\/\/yoast.com\/wordpress\/plugins\/seo\/ -->\n<title>UNIFSA promove atividade de extens\u00e3o voltada para o dia do engenheiro de produ\u00e7\u00e3o: Produ\u00e7\u00e3o Day 2021 - Centro Universit\u00e1rio Santo Agostinho - UNIFSA<\/title>\n<meta name=\"robots\" content=\"index, follow, max-snippet:-1, max-image-preview:large, max-video-preview:-1\" \/>\n<link rel=\"canonical\" href=\"https:\/\/unifsa.com.br\/site\/unifsa-promove-atividade-de-extensao-voltada-para-o-dia-do-engenheiro-de-producao-producao-day-2021\/\" \/>\n<meta property=\"og:locale\" content=\"pt_BR\" \/>\n<meta property=\"og:type\" content=\"article\" \/>\n<meta property=\"og:title\" content=\"UNIFSA promove atividade de extens\u00e3o voltada para o dia do engenheiro de produ\u00e7\u00e3o: Produ\u00e7\u00e3o Day 2021 - Centro Universit\u00e1rio Santo Agostinho - UNIFSA\" \/>\n<meta property=\"og:description\" content=\"O Centro Universit\u00e1rio Santo Agostinho est\u00e1 com inscri\u00e7\u00f5es abertas para atividade de extens\u00e3o voltada para o dia do engenheiro de produ\u00e7\u00e3o: Produ\u00e7\u00e3o Day 2021, que acontece nos dias 02, 03 e 04 de dezembro, no formato online e presencial, somando uma carga hor\u00e1ria de 10h. As inscri\u00e7\u00f5es s\u00e3o gratuitas e ficar\u00e3o abertas at\u00e9 o dia\" \/>\n<meta property=\"og:url\" content=\"https:\/\/unifsa.com.br\/site\/unifsa-promove-atividade-de-extensao-voltada-para-o-dia-do-engenheiro-de-producao-producao-day-2021\/\" \/>\n<meta property=\"og:site_name\" content=\"Centro Universit\u00e1rio Santo Agostinho - UNIFSA\" \/>\n<meta property=\"article:publisher\" content=\"https:\/\/www.facebook.com\/unifsa\/\" \/>\n<meta property=\"article:published_time\" content=\"2021-11-25T14:01:12+00:00\" \/>\n<meta property=\"article:modified_time\" content=\"2021-11-25T14:01:13+00:00\" \/>\n<meta property=\"og:image\" content=\"https:\/\/unifsa.com.br\/site\/wp-content\/uploads\/2021\/11\/dia_day__site.jpg\" \/>\n\t<meta property=\"og:image:width\" content=\"1009\" \/>\n\t<meta property=\"og:image:height\" content=\"427\" \/>\n\t<meta property=\"og:image:type\" content=\"image\/jpeg\" \/>\n<meta name=\"author\" content=\"Assessoria UNIFSA\" \/>\n<meta name=\"twitter:card\" content=\"summary_large_image\" \/>\n<meta name=\"twitter:label1\" content=\"Escrito por\" \/>\n\t<meta name=\"twitter:data1\" content=\"Assessoria UNIFSA\" \/>\n\t<meta name=\"twitter:label2\" content=\"Est. tempo de leitura\" \/>\n\t<meta name=\"twitter:data2\" content=\"2 minutos\" \/>\n<script type=\"application\/ld+json\" class=\"yoast-schema-graph\">{\"@context\":\"https:\/\/schema.org\",\"@graph\":[{\"@type\":\"Article\",\"@id\":\"https:\/\/unifsa.com.br\/site\/unifsa-promove-atividade-de-extensao-voltada-para-o-dia-do-engenheiro-de-producao-producao-day-2021\/#article\",\"isPartOf\":{\"@id\":\"https:\/\/unifsa.com.br\/site\/unifsa-promove-atividade-de-extensao-voltada-para-o-dia-do-engenheiro-de-producao-producao-day-2021\/\"},\"author\":{\"name\":\"Assessoria UNIFSA\",\"@id\":\"https:\/\/unifsa.com.br\/site\/#\/schema\/person\/551d7d1f1cd3f288057c5028fc404a18\"},\"headline\":\"UNIFSA promove atividade de extens\u00e3o voltada para o dia do engenheiro de produ\u00e7\u00e3o: Produ\u00e7\u00e3o Day 2021\",\"datePublished\":\"2021-11-25T14:01:12+00:00\",\"dateModified\":\"2021-11-25T14:01:13+00:00\",\"mainEntityOfPage\":{\"@id\":\"https:\/\/unifsa.com.br\/site\/unifsa-promove-atividade-de-extensao-voltada-para-o-dia-do-engenheiro-de-producao-producao-day-2021\/\"},\"wordCount\":364,\"publisher\":{\"@id\":\"https:\/\/unifsa.com.br\/site\/#organization\"},\"image\":{\"@id\":\"https:\/\/unifsa.com.br\/site\/unifsa-promove-atividade-de-extensao-voltada-para-o-dia-do-engenheiro-de-producao-producao-day-2021\/#primaryimage\"},\"thumbnailUrl\":\"https:\/\/unifsa.com.br\/site\/wp-content\/uploads\/2021\/11\/dia_day__site.jpg\",\"keywords\":[\"Engenharia de Produ\u00e7\u00e3o\",\"Extens\u00e3o\",\"UNIFSA\"],\"articleSection\":[\"Acontece na UNIFSA\",\"Engenharia de Produ\u00e7\u00e3o\",\"Extens\u00e3o\"],\"inLanguage\":\"pt-BR\"},{\"@type\":\"WebPage\",\"@id\":\"https:\/\/unifsa.com.br\/site\/unifsa-promove-atividade-de-extensao-voltada-para-o-dia-do-engenheiro-de-producao-producao-day-2021\/\",\"url\":\"https:\/\/unifsa.com.br\/site\/unifsa-promove-atividade-de-extensao-voltada-para-o-dia-do-engenheiro-de-producao-producao-day-2021\/\",\"name\":\"UNIFSA promove atividade de extens\u00e3o voltada para o dia do engenheiro de produ\u00e7\u00e3o: Produ\u00e7\u00e3o Day 2021 - Centro Universit\u00e1rio Santo Agostinho - UNIFSA\",\"isPartOf\":{\"@id\":\"https:\/\/unifsa.com.br\/site\/#website\"},\"primaryImageOfPage\":{\"@id\":\"https:\/\/unifsa.com.br\/site\/unifsa-promove-atividade-de-extensao-voltada-para-o-dia-do-engenheiro-de-producao-producao-day-2021\/#primaryimage\"},\"image\":{\"@id\":\"https:\/\/unifsa.com.br\/site\/unifsa-promove-atividade-de-extensao-voltada-para-o-dia-do-engenheiro-de-producao-producao-day-2021\/#primaryimage\"},\"thumbnailUrl\":\"https:\/\/unifsa.com.br\/site\/wp-content\/uploads\/2021\/11\/dia_day__site.jpg\",\"datePublished\":\"2021-11-25T14:01:12+00:00\",\"dateModified\":\"2021-11-25T14:01:13+00:00\",\"breadcrumb\":{\"@id\":\"https:\/\/unifsa.com.br\/site\/unifsa-promove-atividade-de-extensao-voltada-para-o-dia-do-engenheiro-de-producao-producao-day-2021\/#breadcrumb\"},\"inLanguage\":\"pt-BR\",\"potentialAction\":[{\"@type\":\"ReadAction\",\"target\":[\"https:\/\/unifsa.com.br\/site\/unifsa-promove-atividade-de-extensao-voltada-para-o-dia-do-engenheiro-de-producao-producao-day-2021\/\"]}]},{\"@type\":\"ImageObject\",\"inLanguage\":\"pt-BR\",\"@id\":\"https:\/\/unifsa.com.br\/site\/unifsa-promove-atividade-de-extensao-voltada-para-o-dia-do-engenheiro-de-producao-producao-day-2021\/#primaryimage\",\"url\":\"https:\/\/unifsa.com.br\/site\/wp-content\/uploads\/2021\/11\/dia_day__site.jpg\",\"contentUrl\":\"https:\/\/unifsa.com.br\/site\/wp-content\/uploads\/2021\/11\/dia_day__site.jpg\",\"width\":1009,\"height\":427},{\"@type\":\"BreadcrumbList\",\"@id\":\"https:\/\/unifsa.com.br\/site\/unifsa-promove-atividade-de-extensao-voltada-para-o-dia-do-engenheiro-de-producao-producao-day-2021\/#breadcrumb\",\"itemListElement\":[{\"@type\":\"ListItem\",\"position\":1,\"name\":\"In\u00edcio\",\"item\":\"https:\/\/unifsa.com.br\/site\/\"},{\"@type\":\"ListItem\",\"position\":2,\"name\":\"UNIFSA promove atividade de extens\u00e3o voltada para o dia do engenheiro de produ\u00e7\u00e3o: Produ\u00e7\u00e3o Day 2021\"}]},{\"@type\":\"WebSite\",\"@id\":\"https:\/\/unifsa.com.br\/site\/#website\",\"url\":\"https:\/\/unifsa.com.br\/site\/\",\"name\":\"Centro Universit\u00e1rio Santo Agostinho - UNIFSA\",\"description\":\"Conhecimento para toda a vida\",\"publisher\":{\"@id\":\"https:\/\/unifsa.com.br\/site\/#organization\"},\"potentialAction\":[{\"@type\":\"SearchAction\",\"target\":{\"@type\":\"EntryPoint\",\"urlTemplate\":\"https:\/\/unifsa.com.br\/site\/?s={search_term_string}\"},\"query-input\":{\"@type\":\"PropertyValueSpecification\",\"valueRequired\":true,\"valueName\":\"search_term_string\"}}],\"inLanguage\":\"pt-BR\"},{\"@type\":\"Organization\",\"@id\":\"https:\/\/unifsa.com.br\/site\/#organization\",\"name\":\"Centro Universit\u00e1rio Santo Agostinho - UNIFSA\",\"url\":\"https:\/\/unifsa.com.br\/site\/\",\"logo\":{\"@type\":\"ImageObject\",\"inLanguage\":\"pt-BR\",\"@id\":\"https:\/\/unifsa.com.br\/site\/#\/schema\/logo\/image\/\",\"url\":\"https:\/\/unifsa.com.br\/site\/wp-content\/uploads\/2023\/03\/MARCA-UNIFSA-CIC23-q2apjs1mt975cf1wl25b044coj90fwoiee1kya6800.png\",\"contentUrl\":\"https:\/\/unifsa.com.br\/site\/wp-content\/uploads\/2023\/03\/MARCA-UNIFSA-CIC23-q2apjs1mt975cf1wl25b044coj90fwoiee1kya6800.png\",\"width\":103,\"height\":100,\"caption\":\"Centro Universit\u00e1rio Santo Agostinho - UNIFSA\"},\"image\":{\"@id\":\"https:\/\/unifsa.com.br\/site\/#\/schema\/logo\/image\/\"},\"sameAs\":[\"https:\/\/www.facebook.com\/unifsa\/\",\"https:\/\/www.instagram.com\/unifsa\/\"]},{\"@type\":\"Person\",\"@id\":\"https:\/\/unifsa.com.br\/site\/#\/schema\/person\/551d7d1f1cd3f288057c5028fc404a18\",\"name\":\"Assessoria UNIFSA\",\"image\":{\"@type\":\"ImageObject\",\"inLanguage\":\"pt-BR\",\"@id\":\"https:\/\/unifsa.com.br\/site\/#\/schema\/person\/image\/\",\"url\":\"https:\/\/secure.gravatar.com\/avatar\/6a631991e4af344430e4f0c5fcc3a220482c78e6a883ad6b80a34c55d1ada357?s=96&d=mm&r=g\",\"contentUrl\":\"https:\/\/secure.gravatar.com\/avatar\/6a631991e4af344430e4f0c5fcc3a220482c78e6a883ad6b80a34c55d1ada357?s=96&d=mm&r=g\",\"caption\":\"Assessoria UNIFSA\"},\"url\":\"https:\/\/unifsa.com.br\/site\/author\/assessoria\/\"}]}<\/script>\n<!-- \/ Yoast SEO plugin. -->","yoast_head_json":{"title":"UNIFSA promove atividade de extens\u00e3o voltada para o dia do engenheiro de produ\u00e7\u00e3o: Produ\u00e7\u00e3o Day 2021 - Centro Universit\u00e1rio Santo Agostinho - UNIFSA","robots":{"index":"index","follow":"follow","max-snippet":"max-snippet:-1","max-image-preview":"max-image-preview:large","max-video-preview":"max-video-preview:-1"},"canonical":"https:\/\/unifsa.com.br\/site\/unifsa-promove-atividade-de-extensao-voltada-para-o-dia-do-engenheiro-de-producao-producao-day-2021\/","og_locale":"pt_BR","og_type":"article","og_title":"UNIFSA promove atividade de extens\u00e3o voltada para o dia do engenheiro de produ\u00e7\u00e3o: Produ\u00e7\u00e3o Day 2021 - Centro Universit\u00e1rio Santo Agostinho - UNIFSA","og_description":"O Centro Universit\u00e1rio Santo Agostinho est\u00e1 com inscri\u00e7\u00f5es abertas para atividade de extens\u00e3o voltada para o dia do engenheiro de produ\u00e7\u00e3o: Produ\u00e7\u00e3o Day 2021, que acontece nos dias 02, 03 e 04 de dezembro, no formato online e presencial, somando uma carga hor\u00e1ria de 10h. As inscri\u00e7\u00f5es s\u00e3o gratuitas e ficar\u00e3o abertas at\u00e9 o dia","og_url":"https:\/\/unifsa.com.br\/site\/unifsa-promove-atividade-de-extensao-voltada-para-o-dia-do-engenheiro-de-producao-producao-day-2021\/","og_site_name":"Centro Universit\u00e1rio Santo Agostinho - UNIFSA","article_publisher":"https:\/\/www.facebook.com\/unifsa\/","article_published_time":"2021-11-25T14:01:12+00:00","article_modified_time":"2021-11-25T14:01:13+00:00","og_image":[{"width":1009,"height":427,"url":"https:\/\/unifsa.com.br\/site\/wp-content\/uploads\/2021\/11\/dia_day__site.jpg","type":"image\/jpeg"}],"author":"Assessoria UNIFSA","twitter_card":"summary_large_image","twitter_misc":{"Escrito por":"Assessoria UNIFSA","Est. tempo de leitura":"2 minutos"},"schema":{"@context":"https:\/\/schema.org","@graph":[{"@type":"Article","@id":"https:\/\/unifsa.com.br\/site\/unifsa-promove-atividade-de-extensao-voltada-para-o-dia-do-engenheiro-de-producao-producao-day-2021\/#article","isPartOf":{"@id":"https:\/\/unifsa.com.br\/site\/unifsa-promove-atividade-de-extensao-voltada-para-o-dia-do-engenheiro-de-producao-producao-day-2021\/"},"author":{"name":"Assessoria UNIFSA","@id":"https:\/\/unifsa.com.br\/site\/#\/schema\/person\/551d7d1f1cd3f288057c5028fc404a18"},"headline":"UNIFSA promove atividade de extens\u00e3o voltada para o dia do engenheiro de produ\u00e7\u00e3o: Produ\u00e7\u00e3o Day 2021","datePublished":"2021-11-25T14:01:12+00:00","dateModified":"2021-11-25T14:01:13+00:00","mainEntityOfPage":{"@id":"https:\/\/unifsa.com.br\/site\/unifsa-promove-atividade-de-extensao-voltada-para-o-dia-do-engenheiro-de-producao-producao-day-2021\/"},"wordCount":364,"publisher":{"@id":"https:\/\/unifsa.com.br\/site\/#organization"},"image":{"@id":"https:\/\/unifsa.com.br\/site\/unifsa-promove-atividade-de-extensao-voltada-para-o-dia-do-engenheiro-de-producao-producao-day-2021\/#primaryimage"},"thumbnailUrl":"https:\/\/unifsa.com.br\/site\/wp-content\/uploads\/2021\/11\/dia_day__site.jpg","keywords":["Engenharia de Produ\u00e7\u00e3o","Extens\u00e3o","UNIFSA"],"articleSection":["Acontece na UNIFSA","Engenharia de Produ\u00e7\u00e3o","Extens\u00e3o"],"inLanguage":"pt-BR"},{"@type":"WebPage","@id":"https:\/\/unifsa.com.br\/site\/unifsa-promove-atividade-de-extensao-voltada-para-o-dia-do-engenheiro-de-producao-producao-day-2021\/","url":"https:\/\/unifsa.com.br\/site\/unifsa-promove-atividade-de-extensao-voltada-para-o-dia-do-engenheiro-de-producao-producao-day-2021\/","name":"UNIFSA promove atividade de extens\u00e3o voltada para o dia do engenheiro de produ\u00e7\u00e3o: Produ\u00e7\u00e3o Day 2021 - Centro Universit\u00e1rio Santo Agostinho - UNIFSA","isPartOf":{"@id":"https:\/\/unifsa.com.br\/site\/#website"},"primaryImageOfPage":{"@id":"https:\/\/unifsa.com.br\/site\/unifsa-promove-atividade-de-extensao-voltada-para-o-dia-do-engenheiro-de-producao-producao-day-2021\/#primaryimage"},"image":{"@id":"https:\/\/unifsa.com.br\/site\/unifsa-promove-atividade-de-extensao-voltada-para-o-dia-do-engenheiro-de-producao-producao-day-2021\/#primaryimage"},"thumbnailUrl":"https:\/\/unifsa.com.br\/site\/wp-content\/uploads\/2021\/11\/dia_day__site.jpg","datePublished":"2021-11-25T14:01:12+00:00","dateModified":"2021-11-25T14:01:13+00:00","breadcrumb":{"@id":"https:\/\/unifsa.com.br\/site\/unifsa-promove-atividade-de-extensao-voltada-para-o-dia-do-engenheiro-de-producao-producao-day-2021\/#breadcrumb"},"inLanguage":"pt-BR","potentialAction":[{"@type":"ReadAction","target":["https:\/\/unifsa.com.br\/site\/unifsa-promove-atividade-de-extensao-voltada-para-o-dia-do-engenheiro-de-producao-producao-day-2021\/"]}]},{"@type":"ImageObject","inLanguage":"pt-BR","@id":"https:\/\/unifsa.com.br\/site\/unifsa-promove-atividade-de-extensao-voltada-para-o-dia-do-engenheiro-de-producao-producao-day-2021\/#primaryimage","url":"https:\/\/unifsa.com.br\/site\/wp-content\/uploads\/2021\/11\/dia_day__site.jpg","contentUrl":"https:\/\/unifsa.com.br\/site\/wp-content\/uploads\/2021\/11\/dia_day__site.jpg","width":1009,"height":427},{"@type":"BreadcrumbList","@id":"https:\/\/unifsa.com.br\/site\/unifsa-promove-atividade-de-extensao-voltada-para-o-dia-do-engenheiro-de-producao-producao-day-2021\/#breadcrumb","itemListElement":[{"@type":"ListItem","position":1,"name":"In\u00edcio","item":"https:\/\/unifsa.com.br\/site\/"},{"@type":"ListItem","position":2,"name":"UNIFSA promove atividade de extens\u00e3o voltada para o dia do engenheiro de produ\u00e7\u00e3o: Produ\u00e7\u00e3o Day 2021"}]},{"@type":"WebSite","@id":"https:\/\/unifsa.com.br\/site\/#website","url":"https:\/\/unifsa.com.br\/site\/","name":"Centro Universit\u00e1rio Santo Agostinho - UNIFSA","description":"Conhecimento para toda a vida","publisher":{"@id":"https:\/\/unifsa.com.br\/site\/#organization"},"potentialAction":[{"@type":"SearchAction","target":{"@type":"EntryPoint","urlTemplate":"https:\/\/unifsa.com.br\/site\/?s={search_term_string}"},"query-input":{"@type":"PropertyValueSpecification","valueRequired":true,"valueName":"search_term_string"}}],"inLanguage":"pt-BR"},{"@type":"Organization","@id":"https:\/\/unifsa.com.br\/site\/#organization","name":"Centro Universit\u00e1rio Santo Agostinho - UNIFSA","url":"https:\/\/unifsa.com.br\/site\/","logo":{"@type":"ImageObject","inLanguage":"pt-BR","@id":"https:\/\/unifsa.com.br\/site\/#\/schema\/logo\/image\/","url":"https:\/\/unifsa.com.br\/site\/wp-content\/uploads\/2023\/03\/MARCA-UNIFSA-CIC23-q2apjs1mt975cf1wl25b044coj90fwoiee1kya6800.png","contentUrl":"https:\/\/unifsa.com.br\/site\/wp-content\/uploads\/2023\/03\/MARCA-UNIFSA-CIC23-q2apjs1mt975cf1wl25b044coj90fwoiee1kya6800.png","width":103,"height":100,"caption":"Centro Universit\u00e1rio Santo Agostinho - UNIFSA"},"image":{"@id":"https:\/\/unifsa.com.br\/site\/#\/schema\/logo\/image\/"},"sameAs":["https:\/\/www.facebook.com\/unifsa\/","https:\/\/www.instagram.com\/unifsa\/"]},{"@type":"Person","@id":"https:\/\/unifsa.com.br\/site\/#\/schema\/person\/551d7d1f1cd3f288057c5028fc404a18","name":"Assessoria UNIFSA","image":{"@type":"ImageObject","inLanguage":"pt-BR","@id":"https:\/\/unifsa.com.br\/site\/#\/schema\/person\/image\/","url":"https:\/\/secure.gravatar.com\/avatar\/6a631991e4af344430e4f0c5fcc3a220482c78e6a883ad6b80a34c55d1ada357?s=96&d=mm&r=g","contentUrl":"https:\/\/secure.gravatar.com\/avatar\/6a631991e4af344430e4f0c5fcc3a220482c78e6a883ad6b80a34c55d1ada357?s=96&d=mm&r=g","caption":"Assessoria UNIFSA"},"url":"https:\/\/unifsa.com.br\/site\/author\/assessoria\/"}]}},"_links":{"self":[{"href":"https:\/\/unifsa.com.br\/site\/wp-json\/wp\/v2\/posts\/10577","targetHints":{"allow":["GET"]}}],"collection":[{"href":"https:\/\/unifsa.com.br\/site\/wp-json\/wp\/v2\/posts"}],"about":[{"href":"https:\/\/unifsa.com.br\/site\/wp-json\/wp\/v2\/types\/post"}],"author":[{"embeddable":true,"href":"https:\/\/unifsa.com.br\/site\/wp-json\/wp\/v2\/users\/2"}],"replies":[{"embeddable":true,"href":"https:\/\/unifsa.com.br\/site\/wp-json\/wp\/v2\/comments?post=10577"}],"version-history":[{"count":7,"href":"https:\/\/unifsa.com.br\/site\/wp-json\/wp\/v2\/posts\/10577\/revisions"}],"predecessor-version":[{"id":10611,"href":"https:\/\/unifsa.com.br\/site\/wp-json\/wp\/v2\/posts\/10577\/revisions\/10611"}],"wp:featuredmedia":[{"embeddable":true,"href":"https:\/\/unifsa.com.br\/site\/wp-json\/wp\/v2\/media\/10610"}],"wp:attachment":[{"href":"https:\/\/unifsa.com.br\/site\/wp-json\/wp\/v2\/media?parent=10577"}],"wp:term":[{"taxonomy":"category","embeddable":true,"href":"https:\/\/unifsa.com.br\/site\/wp-json\/wp\/v2\/categories?post=10577"},{"taxonomy":"post_tag","embeddable":true,"href":"https:\/\/unifsa.com.br\/site\/wp-json\/wp\/v2\/tags?post=10577"}],"curies":[{"name":"wp","href":"https:\/\/api.w.org\/{rel}","templated":true}]}}